{"id":77591,"date":"2022-03-04T17:25:31","date_gmt":"2022-03-04T16:25:31","guid":{"rendered":"https:\/\/miurltemporal.com/main/triatletasenred.sport.es\/?p=77591"},"modified":"2022-03-04T17:25:31","modified_gmt":"2022-03-04T16:25:31","slug":"aguayo-alta-medica","status":"publish","type":"post","link":"https:\/\/miurltemporal.com/main/triatletasenred.sport.es\/actualidad\/aguayo-alta-medica\/","title":{"rendered":"Emilio Aguayo tiene finalmente el alta m\u00e9dica y arranca su 2022"},"content":{"rendered":"<h4>Si hace unos d\u00edas el bisonte comentaba su problema card\u00edaco que le cerraba las puertas del mundial Ironman, hoy la buena noticia viene con su alta m\u00e9dica.<\/h4>\n<p><a href=\"https:\/\/www.finisher.es\" rel=\"nofollow noopener\" target=\"_blank\"><img fetchpriority=\"high\" decoding=\"async\" class=\"aligncenter size-full wp-image-77427\" src=\"https:\/\/miurltemporal.com/main/triatletasenred.sport.es\/wp-content\/uploads\/Finisher-750x150-1.jpg\" alt=\"\" width=\"750\" height=\"150\" srcset=\"https:\/\/miurltemporal.com/main/triatletasenred.sport.es\/wp-content\/uploads\/Finisher-750x150-1.jpg 750w, https:\/\/miurltemporal.com/main/triatletasenred.sport.es\/wp-content\/uploads\/Finisher-750x150-1-700x140.jpg 700w, https:\/\/miurltemporal.com/main/triatletasenred.sport.es\/wp-content\/uploads\/Finisher-750x150-1-300x60.jpg 300w, https:\/\/miurltemporal.com/main/triatletasenred.sport.es\/wp-content\/uploads\/Finisher-750x150-1-696x139.jpg 696w\" sizes=\"(max-width: 750px) 100vw, 750px\" \/><\/a><\/p>\n<p>En una publicaci\u00f3n en sus redes sociales, un Emiliio Aguayo m\u00e1s motivado y alegre ha compartido la mejor noticia que pod\u00eda tener con su alta m\u00e9dica que pone el punto de inicio a si temporada 2022 truncada provisionalmente por este susto.<\/p>\n<p>Emilio se muestra muy satisfecho por la noticia y deje entrever que pone la maquinaria en marcha para pr\u00f3ximas competiciones sin esconder su ambici\u00f3n por escalar puestos en el ranking PTO o sumar victorias con su equipo el ANB junto a su pareja Natalia Berm\u00fadez y otros grandes triatletas con quien comparte este ambicioso proyecto.<\/p>\n<p>La prueba de esfuerzo ha sido satisfactoria para el bisonte y sin duda para todo el triatl\u00f3n nacional que podr\u00e1 disfrutar de nuevo de las embestidas del Bisonte valenciano.<\/p>\n<p>Enhorabuena Emilio y familia!!<\/p>\n<p>&nbsp;<\/p>\n<p><a href=\"https:\/\/youtu.be\/AREOZ4wP6VI\" rel=\"nofollow noopener\" target=\"_blank\">https:\/\/youtu.be\/AREOZ4wP6VI<\/a><\/p>\n","protected":false},"excerpt":{"rendered":"<p>Si hace unos d\u00edas el bisonte comentaba su problema card\u00edaco que le cerraba las puertas del mundial Ironman, hoy la buena noticia viene con su alta m\u00e9dica. En una publicaci\u00f3n en sus redes sociales, un Emiliio Aguayo m\u00e1s motivado y alegre ha compartido la mejor noticia que pod\u00eda tener con su alta m\u00e9dica que pone [&hellip;]<\/p>\n","protected":false},"author":2,"featured_media":67736,"comment_status":"closed","ping_status":"closed","sticky":false,"template":"","format":"standard","meta":{"_acf_changed":false,"rank_math_lock_modified_date":false,"footnotes":""},"categories":[17],"tags":[],"class_list":{"0":"post-77591","1":"post","2":"type-post","3":"status-publish","4":"format-standard","5":"has-post-thumbnail","7":"category-actualidad"},"acf":[],"_links":{"self":[{"href":"https:\/\/miurltemporal.com/main/triatletasenred.sport.es\/wp-json\/wp\/v2\/posts\/77591"}],"collection":[{"href":"https:\/\/miurltemporal.com/main/triatletasenred.sport.es\/wp-json\/wp\/v2\/posts"}],"about":[{"href":"https:\/\/miurltemporal.com/main/triatletasenred.sport.es\/wp-json\/wp\/v2\/types\/post"}],"author":[{"embeddable":true,"href":"https:\/\/miurltemporal.com/main/triatletasenred.sport.es\/wp-json\/wp\/v2\/users\/2"}],"replies":[{"embeddable":true,"href":"https:\/\/miurltemporal.com/main/triatletasenred.sport.es\/wp-json\/wp\/v2\/comments?post=77591"}],"version-history":[{"count":1,"href":"https:\/\/miurltemporal.com/main/triatletasenred.sport.es\/wp-json\/wp\/v2\/posts\/77591\/revisions"}],"predecessor-version":[{"id":77592,"href":"https:\/\/miurltemporal.com/main/triatletasenred.sport.es\/wp-json\/wp\/v2\/posts\/77591\/revisions\/77592"}],"wp:featuredmedia":[{"embeddable":true,"href":"https:\/\/miurltemporal.com/main/triatletasenred.sport.es\/wp-json\/wp\/v2\/media\/67736"}],"wp:attachment":[{"href":"https:\/\/miurltemporal.com/main/triatletasenred.sport.es\/wp-json\/wp\/v2\/media?parent=77591"}],"wp:term":[{"taxonomy":"category","embeddable":true,"href":"https:\/\/miurltemporal.com/main/triatletasenred.sport.es\/wp-json\/wp\/v2\/categories?post=77591"},{"taxonomy":"post_tag","embeddable":true,"href":"https:\/\/miurltemporal.com/main/triatletasenred.sport.es\/wp-json\/wp\/v2\/tags?post=77591"}],"curies":[{"name":"wp","href":"https:\/\/api.w.org\/{rel}","templated":true}]}}