{"id":77585,"date":"2022-03-04T17:02:24","date_gmt":"2022-03-04T16:02:24","guid":{"rendered":"https:\/\/miurltemporal.com/main/triatletasenred.sport.es\/?p=77585"},"modified":"2022-03-04T17:02:51","modified_gmt":"2022-03-04T16:02:51","slug":"triatlonzarauz2022","status":"publish","type":"post","link":"https:\/\/miurltemporal.com/main/triatletasenred.sport.es\/actualidad\/triatlonzarauz2022\/","title":{"rendered":"El Zarauzko Triatloia no pasa inadvertido para la PTO y entra en su ranking interacional"},"content":{"rendered":"<h4>La m\u00edtica prueba de Triatl\u00f3n ser\u00e1 puntuable para uno de los rankings mas importantes de Triatl\u00f3n a nivel mundial, la Professional Triathletes Organization (PTO)<\/h4>\n<p><img fetchpriority=\"high\" decoding=\"async\" class=\"aligncenter size-full wp-image-57465\" src=\"https:\/\/miurltemporal.com/main/triatletasenred.sport.es\/wp-content\/uploads\/BannerTriatl\u00f3n-750x100.jpg\" alt=\"\" width=\"750\" height=\"100\" srcset=\"https:\/\/miurltemporal.com/main/triatletasenred.sport.es\/wp-content\/uploads\/BannerTriatl\u00f3n-750x100.jpg 750w, https:\/\/miurltemporal.com/main/triatletasenred.sport.es\/wp-content\/uploads\/BannerTriatl\u00f3n-750x100-700x93.jpg 700w, https:\/\/miurltemporal.com/main/triatletasenred.sport.es\/wp-content\/uploads\/BannerTriatl\u00f3n-750x100-300x40.jpg 300w\" sizes=\"(max-width: 750px) 100vw, 750px\" \/><\/p>\n<p>La edici\u00f3n del 2022 que se celebrar\u00e1 el pr\u00f3ximo 11 de junio tendr\u00e1 el apoyo, la difusi\u00f3n y los premios de la PTO como se ha dado a conocer hoy mismo en las redes sociales del evento.<\/p>\n<p>El Zarauzko Triatloia sigue con paso firme esta temporada en la presentaci\u00f3n de colaboraciones como hizo con DTSWISS y m\u00e1s recientemente con Nutrisport que ser\u00e1 la marca de nutrici\u00f3n de esta edici\u00f3n 2022.<\/p>\n<p>En estas condiciones solo queda que la organizaci\u00f3n del Zarauzko Triatloia nos desvele el cartel de profesionales, hist\u00f3ricamente de much\u00edsimo nivel, los recorridos finales y las habituales sorpresas que suelen dejar para el final.<\/p>\n<p>Recordemos que m\u00e1s de 2500 triatletas optaron al sorteo inicial para conseguir un dorsal en su \u00faltima edici\u00f3n, suspendida por la pandemia, con lo que se espera con ganas el regreso de &#8220;la meca&#8221; al panorama nacional.<\/p>\n<p><a href=\"https:\/\/youtu.be\/7N331ORM1ZM\" rel=\"nofollow noopener\" target=\"_blank\">https:\/\/youtu.be\/7N331ORM1ZM<\/a><\/p>\n<p>&nbsp;<\/p>\n<p>&nbsp;<\/p>\n","protected":false},"excerpt":{"rendered":"<p>La m\u00edtica prueba de Triatl\u00f3n ser\u00e1 puntuable para uno de los rankings mas importantes de Triatl\u00f3n a nivel mundial, la Professional Triathletes Organization (PTO) La edici\u00f3n del 2022 que se celebrar\u00e1 el pr\u00f3ximo 11 de junio tendr\u00e1 el apoyo, la difusi\u00f3n y los premios de la PTO como se ha dado a conocer hoy mismo [&hellip;]<\/p>\n","protected":false},"author":2,"featured_media":35557,"comment_status":"closed","ping_status":"closed","sticky":false,"template":"","format":"standard","meta":{"_acf_changed":false,"rank_math_lock_modified_date":false,"footnotes":""},"categories":[17],"tags":[716],"class_list":{"0":"post-77585","1":"post","2":"type-post","3":"status-publish","4":"format-standard","5":"has-post-thumbnail","7":"category-actualidad","8":"tag-zarauzko-triatloia"},"acf":[],"_links":{"self":[{"href":"https:\/\/miurltemporal.com/main/triatletasenred.sport.es\/wp-json\/wp\/v2\/posts\/77585"}],"collection":[{"href":"https:\/\/miurltemporal.com/main/triatletasenred.sport.es\/wp-json\/wp\/v2\/posts"}],"about":[{"href":"https:\/\/miurltemporal.com/main/triatletasenred.sport.es\/wp-json\/wp\/v2\/types\/post"}],"author":[{"embeddable":true,"href":"https:\/\/miurltemporal.com/main/triatletasenred.sport.es\/wp-json\/wp\/v2\/users\/2"}],"replies":[{"embeddable":true,"href":"https:\/\/miurltemporal.com/main/triatletasenred.sport.es\/wp-json\/wp\/v2\/comments?post=77585"}],"version-history":[{"count":2,"href":"https:\/\/miurltemporal.com/main/triatletasenred.sport.es\/wp-json\/wp\/v2\/posts\/77585\/revisions"}],"predecessor-version":[{"id":77588,"href":"https:\/\/miurltemporal.com/main/triatletasenred.sport.es\/wp-json\/wp\/v2\/posts\/77585\/revisions\/77588"}],"wp:featuredmedia":[{"embeddable":true,"href":"https:\/\/miurltemporal.com/main/triatletasenred.sport.es\/wp-json\/wp\/v2\/media\/35557"}],"wp:attachment":[{"href":"https:\/\/miurltemporal.com/main/triatletasenred.sport.es\/wp-json\/wp\/v2\/media?parent=77585"}],"wp:term":[{"taxonomy":"category","embeddable":true,"href":"https:\/\/miurltemporal.com/main/triatletasenred.sport.es\/wp-json\/wp\/v2\/categories?post=77585"},{"taxonomy":"post_tag","embeddable":true,"href":"https:\/\/miurltemporal.com/main/triatletasenred.sport.es\/wp-json\/wp\/v2\/tags?post=77585"}],"curies":[{"name":"wp","href":"https:\/\/api.w.org\/{rel}","templated":true}]}}