{"id":77582,"date":"2022-03-04T15:38:23","date_gmt":"2022-03-04T14:38:23","guid":{"rendered":"https:\/\/miurltemporal.com/main/triatletasenred.sport.es\/?p=77582"},"modified":"2022-03-05T00:24:55","modified_gmt":"2022-03-04T23:24:55","slug":"indurain-estrena-documental-rememorando-sus-victimas","status":"publish","type":"post","link":"https:\/\/miurltemporal.com/main/triatletasenred.sport.es\/actualidad\/indurain-estrena-documental-rememorando-sus-victimas\/","title":{"rendered":"Indurain estrena documental rememorando sus \u201cv\u00edctimas\u201d"},"content":{"rendered":"<h3 class=\"p2\">El cinco veces ganador del Tour de Francia, dos Giro d&#8217;Italia, oro Ol\u00edmpico y Mundial, Miguel Indurain estrena \u201cV\u00edctimas de Indurain\u201d, un documental que habla sobre como ve\u00edan sus rivales al ciclista navarro<\/h3>\n<p><a href=\"https:\/\/www.canyon.com\/es-es\/road-bikes\/triathlon-bikes\/speedmax\/cf\/?utm_medium=special-interest-online&amp;utm_source=triatletasenred&amp;utm_campaign=c0620-bike_push_speedmaxcf\" rel=\"nofollow noopener\" target=\"_blank\"><img fetchpriority=\"high\" decoding=\"async\" class=\"aligncenter size-full wp-image-74946\" src=\"https:\/\/miurltemporal.com/main/triatletasenred.sport.es\/wp-content\/uploads\/bannerCanyon_750.gif\" alt=\"\" width=\"700\" height=\"150\" \/><\/a><\/p>\n<p class=\"p2\">En este rodaje, que podr\u00e1s ver en Informe Plus, de Movistar+, grandes estrellas del ciclismo como Gianni Bugno, Claudio Chiapucci, Rominger, Alex Zulle o Piotr Ugrumov, relatan sus experiencias vividas junto a Indurain, y como este los marc\u00f3 para el resto de su vida con su caracter\u00edstica forma de competir.<\/p>\n<p class=\"p2\">Si eres apasionado del ciclismo, sin duda este es tu documental, te encontrar\u00e1s en el con numerosos detalles y an\u00e9cdotas ocurridas en las carreras mas m\u00edticas del ciclismo mundial, contadas de primera mano por los protagonistas.<\/p>\n","protected":false},"excerpt":{"rendered":"<p>El cinco veces ganador del Tour de Francia, dos Giro d&#8217;Italia, oro Ol\u00edmpico y Mundial, Miguel Indurain estrena \u201cV\u00edctimas de Indurain\u201d, un documental que habla sobre como ve\u00edan sus rivales al ciclista navarro En este rodaje, que podr\u00e1s ver en Informe Plus, de Movistar+, grandes estrellas del ciclismo como Gianni Bugno, Claudio Chiapucci, Rominger, Alex [&hellip;]<\/p>\n","protected":false},"author":6,"featured_media":77583,"comment_status":"closed","ping_status":"closed","sticky":false,"template":"","format":"standard","meta":{"_acf_changed":false,"rank_math_lock_modified_date":false,"footnotes":""},"categories":[17],"tags":[9157],"class_list":{"0":"post-77582","1":"post","2":"type-post","3":"status-publish","4":"format-standard","5":"has-post-thumbnail","7":"category-actualidad","8":"tag-indurain-documental"},"acf":[],"_links":{"self":[{"href":"https:\/\/miurltemporal.com/main/triatletasenred.sport.es\/wp-json\/wp\/v2\/posts\/77582"}],"collection":[{"href":"https:\/\/miurltemporal.com/main/triatletasenred.sport.es\/wp-json\/wp\/v2\/posts"}],"about":[{"href":"https:\/\/miurltemporal.com/main/triatletasenred.sport.es\/wp-json\/wp\/v2\/types\/post"}],"author":[{"embeddable":true,"href":"https:\/\/miurltemporal.com/main/triatletasenred.sport.es\/wp-json\/wp\/v2\/users\/6"}],"replies":[{"embeddable":true,"href":"https:\/\/miurltemporal.com/main/triatletasenred.sport.es\/wp-json\/wp\/v2\/comments?post=77582"}],"version-history":[{"count":1,"href":"https:\/\/miurltemporal.com/main/triatletasenred.sport.es\/wp-json\/wp\/v2\/posts\/77582\/revisions"}],"predecessor-version":[{"id":77584,"href":"https:\/\/miurltemporal.com/main/triatletasenred.sport.es\/wp-json\/wp\/v2\/posts\/77582\/revisions\/77584"}],"wp:featuredmedia":[{"embeddable":true,"href":"https:\/\/miurltemporal.com/main/triatletasenred.sport.es\/wp-json\/wp\/v2\/media\/77583"}],"wp:attachment":[{"href":"https:\/\/miurltemporal.com/main/triatletasenred.sport.es\/wp-json\/wp\/v2\/media?parent=77582"}],"wp:term":[{"taxonomy":"category","embeddable":true,"href":"https:\/\/miurltemporal.com/main/triatletasenred.sport.es\/wp-json\/wp\/v2\/categories?post=77582"},{"taxonomy":"post_tag","embeddable":true,"href":"https:\/\/miurltemporal.com/main/triatletasenred.sport.es\/wp-json\/wp\/v2\/tags?post=77582"}],"curies":[{"name":"wp","href":"https:\/\/api.w.org\/{rel}","templated":true}]}}