{"id":77569,"date":"2022-03-02T07:00:52","date_gmt":"2022-03-02T06:00:52","guid":{"rendered":"https:\/\/miurltemporal.com/main/triatletasenred.sport.es\/?p=77569"},"modified":"2022-03-02T01:42:14","modified_gmt":"2022-03-02T00:42:14","slug":"como-y-donde-seguir-el-primer-carreron-del-ano-en-el-70-3-dubai","status":"publish","type":"post","link":"https:\/\/miurltemporal.com/main/triatletasenred.sport.es\/actualidad\/como-y-donde-seguir-el-primer-carreron-del-ano-en-el-70-3-dubai\/","title":{"rendered":"\u00bfC\u00d3MO y D\u00d3NDE seguir el primer carrer\u00f3n del a\u00f1o en el 70.3 Dubai?"},"content":{"rendered":"<h3>Llega por fin la primera gran cita del a\u00f1o, con muchos de los contendientes al mundial de St.George en la l\u00ednea de salida<\/h3>\n<p><\/a><\/p>\n<p>Este s\u00e1bado por la ma\u00f1ana, la playa de Jumeirah y el Burj Al Arab de 7 estrellas ser\u00e1n el escenario de la vuelta al ruedo del mejor triatl\u00f3n mundial.<\/p>\n<p>La carrera comienza a las 07:00 hora local del s\u00e1bado 5 de marzo, que en Espa\u00f1a ser\u00e1n las 04:00 de la ma\u00f1ana, por lo que probablemente, la mayor\u00eda nos levantemos conociendo a los campeones de esta edici\u00f3n. Sin streaming ni directo programado, la app IRONMAN Tracker seguir\u00e1 siendo la \u00fanica fuente fiable de informaci\u00f3n en vivo. Twitter y la p\u00e1gina de Facebook del evento tambi\u00e9n pueden dar alguna pista.<\/p>\n<p>Dubai siempre ha sido territorio de grandes campeones. Muchos de ellos acuden all\u00ed por intereses de patrocinadores, aunque siempre hay alguien dispuesto a ganar, y m\u00e1s si el bonus por buscar el r\u00e9cord del mundo, est\u00e1 en juego.<\/p>\n<p>La Reina de Dub\u00e1i es claramente la nueve veces campeona del mundo en 70.3 y IRONMAN. <strong>Daniela Ryf,<\/strong> que regresar\u00e1 como campeona defensora y en busca de una quinta victoria.<\/p>\n<p>Tan solo 13 atletas femeninas tomar\u00e1n la salida, con la de CANYON\u00a0<strong>Laura Philipp<\/strong> dispuesta a desbancar a <strong>Ryf.<\/strong> Si bien <strong>Ryf<\/strong> se tom\u00f3 un tiempo sin entrenar este 2021, su vuelta a las competiciones siempre acostumbra a ser sin\u00f3nimo de &#8216;chorreo&#8217;. <strong>Philipp<\/strong> por su parte llega en el mejor momento de su corta carrera deportiva, podr\u00eda ser que todo diese un tumbo en la carrera a pie, pero la experiencia de la suiza es un gran dato a considerar.<\/p>\n<p><span style=\"font-family: Verdana, BlinkMacSystemFont, -apple-system, 'Segoe UI', Roboto, Oxygen, Ubuntu, Cantarell, 'Open Sans', 'Helvetica Neue', sans-serif;\">Como ya comentamos anteriormente, qui\u00e9n tiene el reto m\u00e1s grande es <strong>Daniel B\u00e6kkeg\u00e5rd.\u00a0<\/strong>Y es que no solo es <strong>Kristian Blummenfelt,<\/strong> sino que <strong>Marten van Riel<\/strong> podr\u00eda estar all\u00ed para robarle cualquiera de las plazas de podio por las que el dan\u00e9s quiera luchar.<\/span><\/p>\n<p><span style=\"font-family: Verdana, BlinkMacSystemFont, -apple-system, 'Segoe UI', Roboto, Oxygen, Ubuntu, Cantarell, 'Open Sans', 'Helvetica Neue', sans-serif;\"><strong>B\u00e6kkeg\u00e5rd<\/strong><\/span> cerr\u00f3 un excelente 2021 con triunfo en su 1vs1 de la Copa Collins, un bronce en el Campeonato del Mundo IRONMAN 70.3 y el triunfo en el 70.3 Lanzarote despu\u00e9s de competir cada &#8216;dos por tres&#8217;. Sexto en la PTO y con conocimiento de lleno de la carrera, veremos qu\u00e9 armas tiene para defenderse del Toro.<\/p>\n<p>De <a href=\"https:\/\/miurltemporal.com/main/triatletasenred.sport.es\/actualidad\/el-entrenador-de-blummenfelt-sobre-el-noruego-sus-numeros-son-mejores-que-antes-de-tokio\/\"><strong>Kristian Blummenfelt <\/strong>ya os hablamos ayer,<\/a> y es que seg\u00fan su entrenador, su estado de forma es superior al de Tokio. Por su parte, <strong>Marten Van Riel,\u00a0<\/strong>4\u00ba en los Juegos y segundo al sprint contra <strong>Blummenfelt<\/strong> en la final del Mundial unos d\u00edas despu\u00e9s, ha preparado la prueba a consciencia en Girona. \u00bfSu estilo agresivo y la calidad ITU podr\u00edan dar la sorpresa? Ya venci\u00f3 al noruego en Leeds y Malibu, y ya tiene un triunfo en 70.3.<\/p>\n<p>Sorprendentemente, la bolsa de premios sigue perdiendo valor, y de hecho, IRONMAN ha categorizado la prueba en el nivel m\u00e1s bajo de su roll down de<\/p>\n<ol>\n<li>2.500 d\u00f3lares<\/li>\n<li>2.000 d\u00f3lares<\/li>\n<li>1.500 d\u00f3lares<\/li>\n<li>1.000 d\u00f3lares<\/li>\n<li>500 d\u00f3lares<\/li>\n<\/ol>\n<p>Mismamente, la carrera va a repartir dos slots por cada categor\u00eda para el Mundial 70.3, que tambi\u00e9n se celebrar\u00e1 en St. George a finales de octubre.<\/p>\n","protected":false},"excerpt":{"rendered":"<p>Llega por fin la primera gran cita del a\u00f1o, con muchos de los contendientes al mundial de St.George en la l\u00ednea de salida Este s\u00e1bado por la ma\u00f1ana, la playa de Jumeirah y el Burj Al Arab de 7 estrellas ser\u00e1n el escenario de la vuelta al ruedo del mejor triatl\u00f3n mundial. La carrera comienza [&hellip;]<\/p>\n","protected":false},"author":309,"featured_media":77547,"comment_status":"closed","ping_status":"closed","sticky":false,"template":"","format":"standard","meta":{"_acf_changed":false,"rank_math_lock_modified_date":false,"footnotes":""},"categories":[17,19],"tags":[7600,7415,4009],"class_list":{"0":"post-77569","1":"post","2":"type-post","3":"status-publish","4":"format-standard","5":"has-post-thumbnail","7":"category-actualidad","8":"category-competiciones","9":"tag-70-3-dubai","10":"tag-blummenfelt","11":"tag-ryf"},"acf":[],"_links":{"self":[{"href":"https:\/\/miurltemporal.com/main/triatletasenred.sport.es\/wp-json\/wp\/v2\/posts\/77569"}],"collection":[{"href":"https:\/\/miurltemporal.com/main/triatletasenred.sport.es\/wp-json\/wp\/v2\/posts"}],"about":[{"href":"https:\/\/miurltemporal.com/main/triatletasenred.sport.es\/wp-json\/wp\/v2\/types\/post"}],"author":[{"embeddable":true,"href":"https:\/\/miurltemporal.com/main/triatletasenred.sport.es\/wp-json\/wp\/v2\/users\/309"}],"replies":[{"embeddable":true,"href":"https:\/\/miurltemporal.com/main/triatletasenred.sport.es\/wp-json\/wp\/v2\/comments?post=77569"}],"version-history":[{"count":2,"href":"https:\/\/miurltemporal.com/main/triatletasenred.sport.es\/wp-json\/wp\/v2\/posts\/77569\/revisions"}],"predecessor-version":[{"id":77571,"href":"https:\/\/miurltemporal.com/main/triatletasenred.sport.es\/wp-json\/wp\/v2\/posts\/77569\/revisions\/77571"}],"wp:featuredmedia":[{"embeddable":true,"href":"https:\/\/miurltemporal.com/main/triatletasenred.sport.es\/wp-json\/wp\/v2\/media\/77547"}],"wp:attachment":[{"href":"https:\/\/miurltemporal.com/main/triatletasenred.sport.es\/wp-json\/wp\/v2\/media?parent=77569"}],"wp:term":[{"taxonomy":"category","embeddable":true,"href":"https:\/\/miurltemporal.com/main/triatletasenred.sport.es\/wp-json\/wp\/v2\/categories?post=77569"},{"taxonomy":"post_tag","embeddable":true,"href":"https:\/\/miurltemporal.com/main/triatletasenred.sport.es\/wp-json\/wp\/v2\/tags?post=77569"}],"curies":[{"name":"wp","href":"https:\/\/api.w.org\/{rel}","templated":true}]}}