{"id":77509,"date":"2022-02-22T19:07:22","date_gmt":"2022-02-22T18:07:22","guid":{"rendered":"https:\/\/miurltemporal.com/main/triatletasenred.sport.es\/?p=77509"},"modified":"2022-02-22T19:07:22","modified_gmt":"2022-02-22T18:07:22","slug":"presentado-en-sociedad-el-tradeinn-140-6inn-campeonato-de-espana-ld","status":"publish","type":"post","link":"https:\/\/miurltemporal.com/main/triatletasenred.sport.es\/actualidad\/presentado-en-sociedad-el-tradeinn-140-6inn-campeonato-de-espana-ld\/","title":{"rendered":"Presentado en sociedad el TRADEINN 140.6INN &#8211; Campeonato de Espa\u00f1a LD"},"content":{"rendered":"<h3>Los campeonatos de Espa\u00f1a de Triatl\u00f3n y Aquabike Larga Distancia volver\u00e1n a disputarse en el TRADEINN International Triathlon 140.6INN en Platja D\u2019Aro el pr\u00f3ximo 8 de mayo<\/h3>\n<p><a href=\"https:\/\/www.1406inn.com\" rel=\"nofollow noopener\" target=\"_blank\"><img fetchpriority=\"high\" decoding=\"async\" class=\"aligncenter size-full wp-image-75451\" src=\"https:\/\/miurltemporal.com/main/triatletasenred.sport.es\/wp-content\/uploads\/Tradeinn1406_700x150-1.jpg\" alt=\"\" width=\"700\" height=\"150\" srcset=\"https:\/\/miurltemporal.com/main/triatletasenred.sport.es\/wp-content\/uploads\/Tradeinn1406_700x150-1.jpg 700w, https:\/\/miurltemporal.com/main/triatletasenred.sport.es\/wp-content\/uploads\/Tradeinn1406_700x150-1-300x64.jpg 300w, https:\/\/miurltemporal.com/main/triatletasenred.sport.es\/wp-content\/uploads\/Tradeinn1406_700x150-1-696x150.jpg 696w\" sizes=\"(max-width: 700px) 100vw, 700px\" \/><\/a><\/p>\n<p>Las autoridades locales, junto con los presidentes de la FCTRI y la FETRI y la direcci\u00f3n t\u00e9cnica del 140.6INN; se han reunido hoy en Platja d&#8217;Aro, para presentar formalmente la IIa edici\u00f3n de una prueba que caus\u00f3 sensaci\u00f3n en 2021<\/p>\n<p>El objetivo de la prueba es ganarse a pulso el t\u00edtulo de &#8216;internacional&#8217; situ\u00e1ndose como l\u00edder en Europa como proyecto a corto plazo. El soporte federativo, as\u00ed como el que brinda la PTO, ayudar\u00e1n a aupar el evento, en un momento d\u00f3nde la situaci\u00f3n sigue sin ser normal al 100%. Se otorgar\u00e1n puntos para el ranking mundial, se inyectar\u00e1 un extra a nivel de premios y se dar\u00e1 cobertura alrededor de todos sus canales.<\/p>\n<p>Como principales novedades de este a\u00f1o, est\u00e1 la modificaci\u00f3n del trazado ciclista, que pierde desnivel aunque sigue encuadr\u00e1ndose en una alta dificultad en t\u00e9rminos generales. La carrera a pie tambi\u00e9n se redibuja con un trazado m\u00e1s urbano, con casi la totalidad de la marat\u00f3n desarroll\u00e1ndose sobre asfalto.<\/p>\n<p>La participaci\u00f3n proyectada se eleva a 1.200 triatletas, con una bolsa de premios para los profesionales que asciende hasta los 30.000 euros.<\/p>\n<p>Asimismo, la prueba acoger\u00e1 tambi\u00e9n el Campeonato Nacional de LD, que se disputar\u00e1 bajo los mismos 3.800m de nado y 180km de ciclismo, que el Triatl\u00f3n.<\/p>\n<p>El plazo de inscripci\u00f3n para los \u00e9lite acaba el 18 de abril, mientras que los GGEE tendr\u00e1n tiempo hasta el 1 de mayo. Para apuntarse, click <a href=\"https:\/\/cutt.ly\/3PPJJZm\" target=\"_blank\" rel=\"noopener noreferrer nofollow\">aqu\u00ed<\/a>.<\/p>\n<p><strong>Os dejamos con un v\u00eddeo piloto d\u00f3nde pod\u00e9is acompa\u00f1arnos a subir el primero (y \u00faltimo tambi\u00e9n) puerto de la jornada, Romany\u00e0. \u00a1Experiencia 360!<\/strong><\/p>\n<p>[embedyt] https:\/\/www.youtube.com\/watch?v=RMSRwOJtkJY[\/embedyt]<\/p>\n","protected":false},"excerpt":{"rendered":"<p>Los campeonatos de Espa\u00f1a de Triatl\u00f3n y Aquabike Larga Distancia volver\u00e1n a disputarse en el TRADEINN International Triathlon 140.6INN en Platja D\u2019Aro el pr\u00f3ximo 8 de mayo Las autoridades locales, junto con los presidentes de la FCTRI y la FETRI y la direcci\u00f3n t\u00e9cnica del 140.6INN; se han reunido hoy en Platja d&#8217;Aro, para presentar [&hellip;]<\/p>\n","protected":false},"author":309,"featured_media":77510,"comment_status":"closed","ping_status":"closed","sticky":false,"template":"","format":"standard","meta":{"_acf_changed":false,"rank_math_lock_modified_date":false,"footnotes":""},"categories":[17],"tags":[8382,565,6260,7946],"class_list":{"0":"post-77509","1":"post","2":"type-post","3":"status-publish","4":"format-standard","5":"has-post-thumbnail","8":"tag-campeonato-espana-ld","9":"tag-fetri","10":"tag-platja-daro","11":"tag-tradeinn"},"acf":[],"_links":{"self":[{"href":"https:\/\/miurltemporal.com/main/triatletasenred.sport.es\/wp-json\/wp\/v2\/posts\/77509"}],"collection":[{"href":"https:\/\/miurltemporal.com/main/triatletasenred.sport.es\/wp-json\/wp\/v2\/posts"}],"about":[{"href":"https:\/\/miurltemporal.com/main/triatletasenred.sport.es\/wp-json\/wp\/v2\/types\/post"}],"author":[{"embeddable":true,"href":"https:\/\/miurltemporal.com/main/triatletasenred.sport.es\/wp-json\/wp\/v2\/users\/309"}],"replies":[{"embeddable":true,"href":"https:\/\/miurltemporal.com/main/triatletasenred.sport.es\/wp-json\/wp\/v2\/comments?post=77509"}],"version-history":[{"count":1,"href":"https:\/\/miurltemporal.com/main/triatletasenred.sport.es\/wp-json\/wp\/v2\/posts\/77509\/revisions"}],"predecessor-version":[{"id":77511,"href":"https:\/\/miurltemporal.com/main/triatletasenred.sport.es\/wp-json\/wp\/v2\/posts\/77509\/revisions\/77511"}],"wp:featuredmedia":[{"embeddable":true,"href":"https:\/\/miurltemporal.com/main/triatletasenred.sport.es\/wp-json\/wp\/v2\/media\/77510"}],"wp:attachment":[{"href":"https:\/\/miurltemporal.com/main/triatletasenred.sport.es\/wp-json\/wp\/v2\/media?parent=77509"}],"wp:term":[{"taxonomy":"category","embeddable":true,"href":"https:\/\/miurltemporal.com/main/triatletasenred.sport.es\/wp-json\/wp\/v2\/categories?post=77509"},{"taxonomy":"post_tag","embeddable":true,"href":"https:\/\/miurltemporal.com/main/triatletasenred.sport.es\/wp-json\/wp\/v2\/tags?post=77509"}],"curies":[{"name":"wp","href":"https:\/\/api.w.org\/{rel}","templated":true}]}}