{"id":77476,"date":"2022-02-18T13:35:25","date_gmt":"2022-02-18T12:35:25","guid":{"rendered":"https:\/\/miurltemporal.com/main/triatletasenred.sport.es\/?p=77476"},"modified":"2022-02-18T13:35:25","modified_gmt":"2022-02-18T12:35:25","slug":"inscripciones-abiertas-alp-cerdanya-cycle-tour","status":"publish","type":"post","link":"https:\/\/miurltemporal.com/main/triatletasenred.sport.es\/sport\/inscripciones-abiertas-alp-cerdanya-cycle-tour\/","title":{"rendered":"Inscripciones abiertas para la nueva edici\u00f3n de la Alp-Cerdanya Cycle Tour"},"content":{"rendered":"<h4><em><strong>El precio inicial de los 100 primeros dorsales es de 50 euros, y alcanzar\u00e1 los 65 hasta el \u00faltimo tramo de registros<\/strong><\/em><\/h4>\n<p><img fetchpriority=\"high\" decoding=\"async\" class=\"alignnone size-full wp-image-76155\" src=\"https:\/\/miurltemporal.com/main/triatletasenred.sport.es\/wp-content\/uploads\/INVERSE-700x150px.jpg\" alt=\"\" width=\"700\" height=\"150\" srcset=\"https:\/\/miurltemporal.com/main/triatletasenred.sport.es\/wp-content\/uploads\/INVERSE-700x150px.jpg 700w, https:\/\/miurltemporal.com/main/triatletasenred.sport.es\/wp-content\/uploads\/INVERSE-700x150px-300x64.jpg 300w, https:\/\/miurltemporal.com/main/triatletasenred.sport.es\/wp-content\/uploads\/INVERSE-700x150px-696x150.jpg 696w\" sizes=\"(max-width: 700px) 100vw, 700px\" \/><\/p>\n<p>La nueva edici\u00f3n, y ya van siete, de la<strong> Alp-Cerdanya Cycle Tour<\/strong>, la Ciclo Experiencia de los Pirineos, ya ha abierto inscripciones. La marxa ciclotur\u00edstico por experiencia de los Pirineos se celebrar\u00e1 <strong>el pr\u00f3ximo 24 de julio<\/strong>.<\/p>\n<p>El precio inicial de los registros es de 50 euros y, progresivamente, hasta el \u00faltimo tramo de inscritos, alcanzar\u00e1 los 65. <strong>Todos los participantes<\/strong> tienen incluido en la bolsa del corredor, entre otras cosas que la organizaci\u00f3n ir\u00e1 desvelando poco a poco, el maillot conmemorativo de la marca Inverse.<\/p>\n<p><img decoding=\"async\" class=\"alignnone size-full wp-image-77478\" src=\"https:\/\/miurltemporal.com/main/triatletasenred.sport.es\/wp-content\/uploads\/alp-cerdanya-1.jpeg\" alt=\"\" width=\"1200\" height=\"799\" srcset=\"https:\/\/miurltemporal.com/main/triatletasenred.sport.es\/wp-content\/uploads\/alp-cerdanya-1.jpeg 1200w, https:\/\/miurltemporal.com/main/triatletasenred.sport.es\/wp-content\/uploads\/alp-cerdanya-1-700x466.jpeg 700w, https:\/\/miurltemporal.com/main/triatletasenred.sport.es\/wp-content\/uploads\/alp-cerdanya-1-300x200.jpeg 300w, https:\/\/miurltemporal.com/main/triatletasenred.sport.es\/wp-content\/uploads\/alp-cerdanya-1-1024x682.jpeg 1024w, https:\/\/miurltemporal.com/main/triatletasenred.sport.es\/wp-content\/uploads\/alp-cerdanya-1-768x511.jpeg 768w, https:\/\/miurltemporal.com/main/triatletasenred.sport.es\/wp-content\/uploads\/alp-cerdanya-1-696x463.jpeg 696w, https:\/\/miurltemporal.com/main/triatletasenred.sport.es\/wp-content\/uploads\/alp-cerdanya-1-1068x711.jpeg 1068w, https:\/\/miurltemporal.com/main/triatletasenred.sport.es\/wp-content\/uploads\/alp-cerdanya-1-631x420.jpeg 631w\" sizes=\"(max-width: 1200px) 100vw, 1200px\" \/><\/p>\n<p>La prueba cuenta con tres rutas a elegir para los participantes: <strong>la Sport 89 km (1.267 D+), la Medial 145 km (2.637 D+) y la Endurance 185 km (3.635 D+)<\/strong>. De esta manera cada ciclista podr\u00e0 formar parte de esta experiencia en funci\u00f3n de sus objetivos y caracter\u00edsticas.<\/p>\n<p>Se espera que la nueva edici\u00f3n del evento se realice con <strong>total normalidad<\/strong>. Desde la organizaci\u00f3n han preparado un ejercicio de adaptaci\u00f3n a la circunstancias sanitarias que la sociedad traviesa. Adem\u00e1s, se llevaran a cabo protocolos correspondientes como en a\u00f1os anteriores. Cosa que ha hecho que ninguna edici\u00f3n se haya teido que suspender.<\/p>\n<p>Para inscripciones y m\u00e1s informaci\u00f3n, visitar la <a href=\"http:\/\/www.lacerdanyacycletour.com\" target=\"_blank\" rel=\"noopener nofollow\">p\u00e1gina web oficial de la prueba<\/a>, su <a href=\"https:\/\/www.facebook.com\/AlpCerdanyaCycleTour\" target=\"_blank\" rel=\"noopener nofollow\">Facebook<\/a> e <a href=\"https:\/\/www.instagram.com\/alpcerdanyacycletour\/\" target=\"_blank\" rel=\"noopener nofollow\">Instagram<\/a>.<\/p>\n<p>[embedyt] https:\/\/www.youtube.com\/watch?v=ddSFoEvuWAI[\/embedyt]<\/p>\n","protected":false},"excerpt":{"rendered":"<p>El precio inicial de los 100 primeros dorsales es de 50 euros, y alcanzar\u00e1 los 65 hasta el \u00faltimo tramo de registros<\/p>\n","protected":false},"author":320,"featured_media":77477,"comment_status":"closed","ping_status":"closed","sticky":false,"template":"","format":"standard","meta":{"_acf_changed":false,"rank_math_lock_modified_date":false,"footnotes":""},"categories":[17,16,2033],"tags":[9138,9139,111,3758,816],"class_list":{"0":"post-77476","1":"post","2":"type-post","3":"status-publish","4":"format-standard","5":"has-post-thumbnail","7":"category-actualidad","8":"category-en-red","9":"category-sport","10":"tag-alp-cerdanya","11":"tag-cerdanya","12":"tag-ciclismo","13":"tag-girona","14":"tag-pirineos"},"acf":[],"_links":{"self":[{"href":"https:\/\/miurltemporal.com/main/triatletasenred.sport.es\/wp-json\/wp\/v2\/posts\/77476"}],"collection":[{"href":"https:\/\/miurltemporal.com/main/triatletasenred.sport.es\/wp-json\/wp\/v2\/posts"}],"about":[{"href":"https:\/\/miurltemporal.com/main/triatletasenred.sport.es\/wp-json\/wp\/v2\/types\/post"}],"author":[{"embeddable":true,"href":"https:\/\/miurltemporal.com/main/triatletasenred.sport.es\/wp-json\/wp\/v2\/users\/320"}],"replies":[{"embeddable":true,"href":"https:\/\/miurltemporal.com/main/triatletasenred.sport.es\/wp-json\/wp\/v2\/comments?post=77476"}],"version-history":[{"count":1,"href":"https:\/\/miurltemporal.com/main/triatletasenred.sport.es\/wp-json\/wp\/v2\/posts\/77476\/revisions"}],"predecessor-version":[{"id":77479,"href":"https:\/\/miurltemporal.com/main/triatletasenred.sport.es\/wp-json\/wp\/v2\/posts\/77476\/revisions\/77479"}],"wp:featuredmedia":[{"embeddable":true,"href":"https:\/\/miurltemporal.com/main/triatletasenred.sport.es\/wp-json\/wp\/v2\/media\/77477"}],"wp:attachment":[{"href":"https:\/\/miurltemporal.com/main/triatletasenred.sport.es\/wp-json\/wp\/v2\/media?parent=77476"}],"wp:term":[{"taxonomy":"category","embeddable":true,"href":"https:\/\/miurltemporal.com/main/triatletasenred.sport.es\/wp-json\/wp\/v2\/categories?post=77476"},{"taxonomy":"post_tag","embeddable":true,"href":"https:\/\/miurltemporal.com/main/triatletasenred.sport.es\/wp-json\/wp\/v2\/tags?post=77476"}],"curies":[{"name":"wp","href":"https:\/\/api.w.org\/{rel}","templated":true}]}}