{"id":77349,"date":"2022-02-08T13:15:55","date_gmt":"2022-02-08T12:15:55","guid":{"rendered":"https:\/\/miurltemporal.com/main/triatletasenred.sport.es\/?p=77349"},"modified":"2022-02-08T13:15:55","modified_gmt":"2022-02-08T12:15:55","slug":"imagenes-accidente-egan-bernal","status":"publish","type":"post","link":"https:\/\/miurltemporal.com/main/triatletasenred.sport.es\/actualidad\/imagenes-accidente-egan-bernal\/","title":{"rendered":"Salen a la luz las im\u00e1genes del brutal accidente de Egan Bernal"},"content":{"rendered":"<h4><em><strong>Dos semanas despu\u00e9s del accidente del ciclista colombiano, salen a la luz las im\u00e1genes del suceso que casi le cuesta la vida<\/strong><\/em><\/h4>\n<p><img fetchpriority=\"high\" decoding=\"async\" class=\"alignnone size-full wp-image-76155\" src=\"https:\/\/miurltemporal.com/main/triatletasenred.sport.es\/wp-content\/uploads\/INVERSE-700x150px.jpg\" alt=\"\" width=\"700\" height=\"150\" srcset=\"https:\/\/miurltemporal.com/main/triatletasenred.sport.es\/wp-content\/uploads\/INVERSE-700x150px.jpg 700w, https:\/\/miurltemporal.com/main/triatletasenred.sport.es\/wp-content\/uploads\/INVERSE-700x150px-300x64.jpg 300w, https:\/\/miurltemporal.com/main/triatletasenred.sport.es\/wp-content\/uploads\/INVERSE-700x150px-696x150.jpg 696w\" sizes=\"(max-width: 700px) 100vw, 700px\" \/><\/p>\n<p>Quinze d\u00edas despu\u00e9s del accidente de Egan Bernal, salen a la luz las im\u00e1genes del suceso que implic\u00f3 y que casi le cuesta la vida al ciclista colombiano tras colisionarse con un autobus rojo cuando iba a 65 Km\/h. Las im\u00e1genes son <strong>de las autoridades de tr\u00e1fico de Cundinamarca y<\/strong>\u00a0a trav\u00e9s de una c\u00e1mara de seguridad se observa el momento exacto del choque del corredor del Ineos contra un autob\u00fas.<\/p>\n<p>En el v\u00eddeo, publicado por la cadena de televisi\u00f3n colombiana RCN, se ve a lo lejos y difusamente al ciclista pedaleando por una carretera a las 9:41 de la ma\u00f1ana en la localidad de Bogot\u00e1; cuando, de pronto, colisiona con un autobus de color rojo despu\u00e9s de ir a mucha velocidad, concretamente a 65 Km\/h.<\/p>\n<p>Con las im\u00e1genes, proporcionadas por una c\u00e1mara de seguridad y conseguidas por el periodista colombiano Paco Morales, se puede confirmar lo que dijo el propio Egan Bernal. Aquello de que &#8220;por poco no sigo con vida. De hecho me dijeron que ten\u00eda un 95% de probabilidades de haber fallecido&#8221;.<\/p>\n<p>[embedyt] https:\/\/www.youtube.com\/watch?v=7tv62Qr0GJo[\/embedyt]<\/p>\n<p>Lo m\u00e1s importante es que hoy ya esta en casa descansando con su familia tras el accidente. Al ciclista le toca, ahora, una recuperaci\u00f3n lenta para poder volver a la carretera. Seg\u00fan Morales, y aunque fuese un accidente, Bernal ya ha abierto un proceso judicial para encontrar a la persona que estuvo implicada en la colisi\u00f3n.<\/p>\n","protected":false},"excerpt":{"rendered":"<p>Dos semanas despu\u00e9s del accidente del ciclista colombiano, salen a la luz las im\u00e1genes del suceso que casi le cuesta la vida<\/p>\n","protected":false},"author":320,"featured_media":77350,"comment_status":"closed","ping_status":"closed","sticky":false,"template":"","format":"standard","meta":{"_acf_changed":false,"rank_math_lock_modified_date":false,"footnotes":""},"categories":[17,16,2033],"tags":[4985,111,9117,7969,6710],"class_list":{"0":"post-77349","1":"post","2":"type-post","3":"status-publish","4":"format-standard","5":"has-post-thumbnail","7":"category-actualidad","8":"category-en-red","9":"category-sport","10":"tag-accidente","11":"tag-ciclismo","12":"tag-colombia","13":"tag-egan-bernal","14":"tag-ineos"},"acf":[],"_links":{"self":[{"href":"https:\/\/miurltemporal.com/main/triatletasenred.sport.es\/wp-json\/wp\/v2\/posts\/77349"}],"collection":[{"href":"https:\/\/miurltemporal.com/main/triatletasenred.sport.es\/wp-json\/wp\/v2\/posts"}],"about":[{"href":"https:\/\/miurltemporal.com/main/triatletasenred.sport.es\/wp-json\/wp\/v2\/types\/post"}],"author":[{"embeddable":true,"href":"https:\/\/miurltemporal.com/main/triatletasenred.sport.es\/wp-json\/wp\/v2\/users\/320"}],"replies":[{"embeddable":true,"href":"https:\/\/miurltemporal.com/main/triatletasenred.sport.es\/wp-json\/wp\/v2\/comments?post=77349"}],"version-history":[{"count":1,"href":"https:\/\/miurltemporal.com/main/triatletasenred.sport.es\/wp-json\/wp\/v2\/posts\/77349\/revisions"}],"predecessor-version":[{"id":77351,"href":"https:\/\/miurltemporal.com/main/triatletasenred.sport.es\/wp-json\/wp\/v2\/posts\/77349\/revisions\/77351"}],"wp:featuredmedia":[{"embeddable":true,"href":"https:\/\/miurltemporal.com/main/triatletasenred.sport.es\/wp-json\/wp\/v2\/media\/77350"}],"wp:attachment":[{"href":"https:\/\/miurltemporal.com/main/triatletasenred.sport.es\/wp-json\/wp\/v2\/media?parent=77349"}],"wp:term":[{"taxonomy":"category","embeddable":true,"href":"https:\/\/miurltemporal.com/main/triatletasenred.sport.es\/wp-json\/wp\/v2\/categories?post=77349"},{"taxonomy":"post_tag","embeddable":true,"href":"https:\/\/miurltemporal.com/main/triatletasenred.sport.es\/wp-json\/wp\/v2\/tags?post=77349"}],"curies":[{"name":"wp","href":"https:\/\/api.w.org\/{rel}","templated":true}]}}