{"id":77334,"date":"2022-02-06T11:04:58","date_gmt":"2022-02-06T10:04:58","guid":{"rendered":"https:\/\/miurltemporal.com/main/triatletasenred.sport.es\/?p=77334"},"modified":"2022-02-06T11:04:58","modified_gmt":"2022-02-06T10:04:58","slug":"la-tercera-revolta-ratifica-la-apuesta-por-el-ciclismo-femenino","status":"publish","type":"post","link":"https:\/\/miurltemporal.com/main/triatletasenred.sport.es\/actualidad\/la-tercera-revolta-ratifica-la-apuesta-por-el-ciclismo-femenino\/","title":{"rendered":"La tercera reVolta ratifica la apuesta por el ciclismo femenino"},"content":{"rendered":"<h4><em><strong>La tercera edici\u00f3n de la prueba femenina de la Volta Ciclista a Catalunya se celebrar\u00e1 el pr\u00f3ximo 29 de mayo en Sant Cugat del Vall\u00e9s<\/strong><\/em><\/h4>\n<p><img fetchpriority=\"high\" decoding=\"async\" class=\"alignnone size-full wp-image-76155\" src=\"https:\/\/miurltemporal.com/main/triatletasenred.sport.es\/wp-content\/uploads\/INVERSE-700x150px.jpg\" alt=\"\" width=\"700\" height=\"150\" srcset=\"https:\/\/miurltemporal.com/main/triatletasenred.sport.es\/wp-content\/uploads\/INVERSE-700x150px.jpg 700w, https:\/\/miurltemporal.com/main/triatletasenred.sport.es\/wp-content\/uploads\/INVERSE-700x150px-300x64.jpg 300w, https:\/\/miurltemporal.com/main/triatletasenred.sport.es\/wp-content\/uploads\/INVERSE-700x150px-696x150.jpg 696w\" sizes=\"(max-width: 700px) 100vw, 700px\" \/><\/p>\n<p>El pr\u00f3ximo 29 de mayo los amantes del ciclismo tienen una cita importante a la que acudir. En la localidad barcelonense de Sant Cugat del Vall\u00e9s se celebrar\u00e1 la tercera edici\u00f3n de la reVolta, la prueba femenina de ciclismo organizada por la Volta Ciclista de Catalunya.<\/p>\n<p>Con m\u00e1s de una docena de equipos presentes en la edici\u00f3n del 2021, se espera que este a\u00f1o la reVolta vuelva a ser el foco de equipos nacionales e internacionales de ciclismo. Durante las ediciones anteriores varios de los mejores conjuntos de la UCI Women&#8217;s World Team, como el Movistar Team o el catal\u00e1n Massi-Tactic estuvieron presentes.<\/p>\n<p>Organizada por el Club Volta Ciclista a Catalunya Associaci\u00f3 Esportiva y presidida por Rub\u00e8n Peris, el objetivo de la reVolta es abrirse paso en los grandes eventos deportivos a nivel internacional como son el Tour de Francia o la Vuelta a Espa\u00f1a.<\/p>\n<p>La celebraci\u00f3n de esta prueba no ser\u00eda posible sin la gran retah\u00edla de voluntarios -se cuenta con 120-. Por parte de la organizaci\u00f3n, son tres los trabajadores contratados; mientras que el personal responsable del montaje, seguridad o transporte, entre otros sectores, es contratado por empresas subcontratadas.<\/p>\n<p>[embedyt] https:\/\/www.youtube.com\/watch?v=esBVs8eE8JQ[\/embedyt]<\/p>\n","protected":false},"excerpt":{"rendered":"<p>La tercera edici\u00f3n de la prueba femenina de la Volta Ciclista a Catalunya se celebrar\u00e1 el pr\u00f3ximo 29 de mayo en Sant Cugat del Vall\u00e9s<\/p>\n","protected":false},"author":320,"featured_media":10536,"comment_status":"closed","ping_status":"closed","sticky":false,"template":"","format":"standard","meta":{"_acf_changed":false,"rank_math_lock_modified_date":false,"footnotes":""},"categories":[17,19,16,2033,1191],"tags":[500,4054,111,5313,9113,9116,9114,9115],"class_list":{"0":"post-77334","1":"post","2":"type-post","3":"status-publish","4":"format-standard","5":"has-post-thumbnail","7":"category-actualidad","8":"category-competiciones","9":"category-en-red","10":"category-sport","11":"category-triatlon","12":"tag-barcelona","13":"tag-cataluna","14":"tag-ciclismo","15":"tag-ciclismo-femenino","16":"tag-la-volta-ciclista-catalunya","17":"tag-massi-tactic","18":"tag-revolta","19":"tag-sant-cugat-del-valles"},"acf":[],"_links":{"self":[{"href":"https:\/\/miurltemporal.com/main/triatletasenred.sport.es\/wp-json\/wp\/v2\/posts\/77334"}],"collection":[{"href":"https:\/\/miurltemporal.com/main/triatletasenred.sport.es\/wp-json\/wp\/v2\/posts"}],"about":[{"href":"https:\/\/miurltemporal.com/main/triatletasenred.sport.es\/wp-json\/wp\/v2\/types\/post"}],"author":[{"embeddable":true,"href":"https:\/\/miurltemporal.com/main/triatletasenred.sport.es\/wp-json\/wp\/v2\/users\/320"}],"replies":[{"embeddable":true,"href":"https:\/\/miurltemporal.com/main/triatletasenred.sport.es\/wp-json\/wp\/v2\/comments?post=77334"}],"version-history":[{"count":1,"href":"https:\/\/miurltemporal.com/main/triatletasenred.sport.es\/wp-json\/wp\/v2\/posts\/77334\/revisions"}],"predecessor-version":[{"id":77335,"href":"https:\/\/miurltemporal.com/main/triatletasenred.sport.es\/wp-json\/wp\/v2\/posts\/77334\/revisions\/77335"}],"wp:featuredmedia":[{"embeddable":true,"href":"https:\/\/miurltemporal.com/main/triatletasenred.sport.es\/wp-json\/wp\/v2\/media\/10536"}],"wp:attachment":[{"href":"https:\/\/miurltemporal.com/main/triatletasenred.sport.es\/wp-json\/wp\/v2\/media?parent=77334"}],"wp:term":[{"taxonomy":"category","embeddable":true,"href":"https:\/\/miurltemporal.com/main/triatletasenred.sport.es\/wp-json\/wp\/v2\/categories?post=77334"},{"taxonomy":"post_tag","embeddable":true,"href":"https:\/\/miurltemporal.com/main/triatletasenred.sport.es\/wp-json\/wp\/v2\/tags?post=77334"}],"curies":[{"name":"wp","href":"https:\/\/api.w.org\/{rel}","templated":true}]}}