{"id":77281,"date":"2022-02-02T19:24:04","date_gmt":"2022-02-02T18:24:04","guid":{"rendered":"https:\/\/miurltemporal.com/main/triatletasenred.sport.es\/?p=77281"},"modified":"2022-02-02T20:08:01","modified_gmt":"2022-02-02T19:08:01","slug":"mirea-belmonte-vuelve-a-sant-cugat","status":"publish","type":"post","link":"https:\/\/miurltemporal.com/main/triatletasenred.sport.es\/actualidad\/mirea-belmonte-vuelve-a-sant-cugat\/","title":{"rendered":"El CAR de Sant Cugat le vuelve a abrir las puertas a Mireia Belmonte"},"content":{"rendered":"<h4><em><strong>Su preparador ser\u00e1 Olaf Wildeboer hasta el final de una temporada donde tiene el objetivo de nadar los Europeos en agosto<\/strong><\/em><\/h4>\n<p><img fetchpriority=\"high\" decoding=\"async\" class=\"alignnone size-full wp-image-76155\" src=\"https:\/\/miurltemporal.com/main/triatletasenred.sport.es\/wp-content\/uploads\/INVERSE-700x150px.jpg\" alt=\"\" width=\"700\" height=\"150\" srcset=\"https:\/\/miurltemporal.com/main/triatletasenred.sport.es\/wp-content\/uploads\/INVERSE-700x150px.jpg 700w, https:\/\/miurltemporal.com/main/triatletasenred.sport.es\/wp-content\/uploads\/INVERSE-700x150px-300x64.jpg 300w, https:\/\/miurltemporal.com/main/triatletasenred.sport.es\/wp-content\/uploads\/INVERSE-700x150px-696x150.jpg 696w\" sizes=\"(max-width: 700px) 100vw, 700px\" \/><\/p>\n<p>La suspensi\u00f3n de los Mundiales de nataci\u00f3n no ha pasado desapercibido para casi nadie, o nadie. Muchos deportistas y selecciones han tenido que variar la hoja de ruta que hab\u00edan planificado. Ya no tienen el objetivo de estar al cien por cien en mayo para disputar los Mundiales de la ciudad nipona de Fukuoka. Se tendr\u00e1n que esperar hasta julio del a\u00f1o que viene.<\/p>\n<p>Un cambio de esta \u00edndole puede ser para mal o para bien como es el caso de la nadadora espa\u00f1ola Mireia Belmonte. Sin entenador desde los Juegos Ol\u00edmpicos del a\u00f1o pasado, Belmonte se qued\u00f3 sin entrenador tras la salida del franc\u00e9s Fred Vergnoux de la Federaci\u00f3n Espa\u00f1ola.<\/p>\n<p>Ahora parece que el rumbo de su futuro vuelve a buen cauce. De hecho, el pasado lunes se confirm\u00f3 la vuelta de Mireia Belmonte al lugar que fue su casa desde 2013: el CAR de Sant Cugat. Con esto, la catalana se integrar\u00e1 al grupo de entrenamiento dirigido por Olaf Wildeboer.<\/p>\n<p>El ofrecimiento del CAR por parte de la Federaci\u00f3n Espa\u00f1ola viene de hace bastante tiempo; pero con el aplazamiento de los Mundiales de Jap\u00f3n, la nadadora, finalmente, se ha decidido a retornar. Su entrenador ser\u00e1 Olaf Wildeboer, recientemente contratado, y en un futuro se prev\u00e9 que se incorpore un t\u00e9cnico canadiense como m\u00e1ximo responsable despu\u00e9s de los Juegos de la Commonwealth.<\/p>\n<p>El aplazamiento de los Mundiales le han ido de maravilla a Belmonte quien no ten\u00eda en mente ir en mayo a Jap\u00f3n. Su forma no era la mejor para hacer un buen clasificatorio espa\u00f1ol en abril. Adem\u00e1s, de este certament clasificatorio tambi\u00e9n se conocer\u00e1 el equipo que compita en los Europeos de agosto.<\/p>\n<p>[embedyt] https:\/\/www.youtube.com\/watch?v=-ZBtKzq3CmU[\/embedyt]<\/p>\n","protected":false},"excerpt":{"rendered":"<p>Su preparador ser\u00e1 Olaf Wildeboer hasta final de una temporada donde tiene el objetivo de nadar los Europeos en agosto<\/p>\n","protected":false},"author":320,"featured_media":69244,"comment_status":"closed","ping_status":"closed","sticky":false,"template":"","format":"standard","meta":{"_acf_changed":false,"rank_math_lock_modified_date":false,"footnotes":""},"categories":[17,16,2033,1193],"tags":[9096,2486,4961,9095,87],"class_list":{"0":"post-77281","1":"post","2":"type-post","3":"status-publish","4":"format-standard","5":"has-post-thumbnail","7":"category-actualidad","8":"category-en-red","9":"category-sport","10":"category-travesias-mar-abierto","11":"tag-car-de-sant-cugat","12":"tag-juegos-olimpicos","13":"tag-mireia-belmonte","14":"tag-mundiales","15":"tag-natacion"},"acf":[],"_links":{"self":[{"href":"https:\/\/miurltemporal.com/main/triatletasenred.sport.es\/wp-json\/wp\/v2\/posts\/77281"}],"collection":[{"href":"https:\/\/miurltemporal.com/main/triatletasenred.sport.es\/wp-json\/wp\/v2\/posts"}],"about":[{"href":"https:\/\/miurltemporal.com/main/triatletasenred.sport.es\/wp-json\/wp\/v2\/types\/post"}],"author":[{"embeddable":true,"href":"https:\/\/miurltemporal.com/main/triatletasenred.sport.es\/wp-json\/wp\/v2\/users\/320"}],"replies":[{"embeddable":true,"href":"https:\/\/miurltemporal.com/main/triatletasenred.sport.es\/wp-json\/wp\/v2\/comments?post=77281"}],"version-history":[{"count":2,"href":"https:\/\/miurltemporal.com/main/triatletasenred.sport.es\/wp-json\/wp\/v2\/posts\/77281\/revisions"}],"predecessor-version":[{"id":77287,"href":"https:\/\/miurltemporal.com/main/triatletasenred.sport.es\/wp-json\/wp\/v2\/posts\/77281\/revisions\/77287"}],"wp:featuredmedia":[{"embeddable":true,"href":"https:\/\/miurltemporal.com/main/triatletasenred.sport.es\/wp-json\/wp\/v2\/media\/69244"}],"wp:attachment":[{"href":"https:\/\/miurltemporal.com/main/triatletasenred.sport.es\/wp-json\/wp\/v2\/media?parent=77281"}],"wp:term":[{"taxonomy":"category","embeddable":true,"href":"https:\/\/miurltemporal.com/main/triatletasenred.sport.es\/wp-json\/wp\/v2\/categories?post=77281"},{"taxonomy":"post_tag","embeddable":true,"href":"https:\/\/miurltemporal.com/main/triatletasenred.sport.es\/wp-json\/wp\/v2\/tags?post=77281"}],"curies":[{"name":"wp","href":"https:\/\/api.w.org\/{rel}","templated":true}]}}