{"id":77242,"date":"2022-01-31T07:00:43","date_gmt":"2022-01-31T06:00:43","guid":{"rendered":"https:\/\/miurltemporal.com/main/triatletasenred.sport.es\/?p=77242"},"modified":"2022-01-31T01:51:10","modified_gmt":"2022-01-31T00:51:10","slug":"pidcock-arrasa-en-el-mundial-de-cx-y-tendra-que-correr-el-5k","status":"publish","type":"post","link":"https:\/\/miurltemporal.com/main/triatletasenred.sport.es\/actualidad\/pidcock-arrasa-en-el-mundial-de-cx-y-tendra-que-correr-el-5k\/","title":{"rendered":"Pidcock arrasa en el Mundial de CX (y tendr\u00e1 que correr el 5k)"},"content":{"rendered":"<h3>El brit\u00e1nico arras\u00f3 en Fayetteville despu\u00e9s de no dar opci\u00f3n a sus rivales, y a tiempo para correr el 5k a fuego que ha promocionado junto con Nike e INEOS<\/h3>\n<p><\/a><\/p>\n<p><strong>Tom Pidcock<\/strong> parece no tener rival si <strong>MVDP<\/strong> ni <strong>van Aert<\/strong> est\u00e1n en ela l\u00ednea de salida,\u00a0 y es que ayer mismo, el &#8216;spiderman&#8217; ingl\u00e9s cumpli\u00f3 con todos los pron\u00f3sticos, y se llev\u00f3 la prueba.\u00a0 \u00a0 \u00a0 \u00a0 \u00a0 \u00a0 \u00a0 \u00a0 \u00a0 \u00a0 \u00a0 \u00a0 \u00a0 \u00a0 \u00a0 \u00a0 \u00a0 \u00a0 \u00a0 \u00a0 \u00a0 \u00a0 \u00a0 \u00a0 \u00a0 \u00a0 \u00a0 \u00a0 \u00a0 \u00a0 \u00a0 \u00a0 \u00a0 \u00a0 \u00a0 \u00a0 \u00a0 \u00a0 \u00a0 \u00a0 \u00a0 \u00a0 \u00a0 \u00a0 \u00a0 \u00a0 \u00a0 \u00a0 \u00a0 \u00a0 \u00a0 \u00a0 \u00a0 \u00a0 \u00a0 \u00a0 \u00a0 \u00a0 \u00a0 \u00a0 \u00a0 \u00a0 \u00a0 \u00a0 \u00a0 \u00a0 \u00a0 \u00a0 \u00a0 \u00a0 \u00a0 \u00a0 \u00a0 \u00a0 \u00a0 \u00a0 \u00a0 \u00a0 \u00a0 \u00a0 \u00a0 \u00a0 \u00a0 \u00a0 \u00a0 \u00a0 \u00a0 \u00a0 \u00a0 \u00a0 \u00a0 \u00a0 \u00a0 \u00a0 \u00a0 \u00a0 \u00a0 \u00a0 \u00a0 \u00a0 \u00a0 \u00a0 \u00a0 \u00a0 \u00a0 \u00a0 \u00a0 \u00a0 \u00a0 \u00a0 \u00a0 \u00a0 \u00a0 \u00a0 \u00a0 \u00a0 \u00a0 \u00a0 \u00a0 \u00a0 \u00a0 \u00a0 \u00a0 \u00a0 \u00a0 \u00a0 A\u00fan as\u00ed, otros cracks como <strong>Eli<\/strong> Iserbyt s\u00ed que pod\u00edan hacer sombra a priori, pero para nada. El joven de 22 a\u00f1os se escap\u00f3 a un grupo delantero en las primeras vueltas, vigilando atentamente a sus rivales y sobretodo por el belga, que quer\u00eda marcar su ritmo en los primeros compases de la carrera.<\/p>\n<p>Sin embargo, En la cuarta vuelta fue cuando el belga comenz\u00f3 a flaquear, siendo suficiente para que Pidcock pasase a la ofensiva. Se separ\u00f3 del resto y dio un zarpazo digno de cl\u00e1sica de primera l\u00ednea<\/p>\n<p>C\u00f3modo, mantuvo una brecha de 30 segundos hasta la l\u00ednea de meta, donde se recost\u00f3 sobre el sill\u00edn y recre\u00f3 la pose de superman mientras se adjudicaba la victoria.<\/p>\n<p>La plata ir\u00eda para otro especialista de CX <strong>Lars van<\/strong>\u00a0<strong>der Haar,<\/strong> mientras que el belga <strong>Eli Iserbyt<\/strong> luchar\u00eda para aguantar el podio.<\/p>\n<p>\u201cFue una carrera s\u00faper dura. Como ir a la guerra\u201d, dijo <strong>Pidcock<\/strong> despu\u00e9s de la meta.<\/p>\n<p>\u201cVi la oportunidad y me funcion\u00f3 bien al final. Creo que podr\u00eda haber sido dif\u00edcil ser Campe\u00f3n Mundial con <strong>Wout<\/strong> y <strong>Mathieu.<\/strong> Todos creer\u00e1n que ha sido m\u00e1s f\u00e1cil por ello, pero la presi\u00f3n mental puede llegar a ser la peor enemiga.<\/p>\n<p>\u201cHab\u00eda estado en Estados Unidos por m\u00e1s de una semana. No acostumbro a competir bien, y siempre lo paso mal por el jet lag. Esta vez creo que lo he salvado con creces&#8221;<\/p>\n","protected":false},"excerpt":{"rendered":"<p>El brit\u00e1nico arras\u00f3 en Fayetteville despu\u00e9s de no dar opci\u00f3n a sus rivales, y a tiempo para correr el 5k a fuego que ha promocionado junto con Nike e INEOS Tom Pidcock parece no tener rival si MVDP ni van Aert est\u00e1n en ela l\u00ednea de salida,\u00a0 y es que ayer mismo, el &#8216;spiderman&#8217; ingl\u00e9s [&hellip;]<\/p>\n","protected":false},"author":309,"featured_media":77243,"comment_status":"closed","ping_status":"closed","sticky":false,"template":"","format":"standard","meta":{"_acf_changed":false,"rank_math_lock_modified_date":false,"footnotes":""},"categories":[17],"tags":[],"class_list":{"0":"post-77242","1":"post","2":"type-post","3":"status-publish","4":"format-standard","5":"has-post-thumbnail","7":"category-actualidad"},"acf":[],"_links":{"self":[{"href":"https:\/\/miurltemporal.com/main/triatletasenred.sport.es\/wp-json\/wp\/v2\/posts\/77242"}],"collection":[{"href":"https:\/\/miurltemporal.com/main/triatletasenred.sport.es\/wp-json\/wp\/v2\/posts"}],"about":[{"href":"https:\/\/miurltemporal.com/main/triatletasenred.sport.es\/wp-json\/wp\/v2\/types\/post"}],"author":[{"embeddable":true,"href":"https:\/\/miurltemporal.com/main/triatletasenred.sport.es\/wp-json\/wp\/v2\/users\/309"}],"replies":[{"embeddable":true,"href":"https:\/\/miurltemporal.com/main/triatletasenred.sport.es\/wp-json\/wp\/v2\/comments?post=77242"}],"version-history":[{"count":3,"href":"https:\/\/miurltemporal.com/main/triatletasenred.sport.es\/wp-json\/wp\/v2\/posts\/77242\/revisions"}],"predecessor-version":[{"id":77246,"href":"https:\/\/miurltemporal.com/main/triatletasenred.sport.es\/wp-json\/wp\/v2\/posts\/77242\/revisions\/77246"}],"wp:featuredmedia":[{"embeddable":true,"href":"https:\/\/miurltemporal.com/main/triatletasenred.sport.es\/wp-json\/wp\/v2\/media\/77243"}],"wp:attachment":[{"href":"https:\/\/miurltemporal.com/main/triatletasenred.sport.es\/wp-json\/wp\/v2\/media?parent=77242"}],"wp:term":[{"taxonomy":"category","embeddable":true,"href":"https:\/\/miurltemporal.com/main/triatletasenred.sport.es\/wp-json\/wp\/v2\/categories?post=77242"},{"taxonomy":"post_tag","embeddable":true,"href":"https:\/\/miurltemporal.com/main/triatletasenred.sport.es\/wp-json\/wp\/v2\/tags?post=77242"}],"curies":[{"name":"wp","href":"https:\/\/api.w.org\/{rel}","templated":true}]}}