{"id":77112,"date":"2022-01-17T16:47:57","date_gmt":"2022-01-17T15:47:57","guid":{"rendered":"https:\/\/miurltemporal.com/main/triatletasenred.sport.es\/?p=77112"},"modified":"2022-01-17T16:47:57","modified_gmt":"2022-01-17T15:47:57","slug":"pto-triatlon-espana","status":"publish","type":"post","link":"https:\/\/miurltemporal.com/main/triatletasenred.sport.es\/actualidad\/pto-triatlon-espana\/","title":{"rendered":"Half Triathlon Pamplona Iru\u00f1a y TRADEINN 140.6INN ser\u00e1n puntuables para el circuito de la PTO"},"content":{"rendered":"<h4>Un rumor que ha tomado forma finalmente en sendos comunicados en los que se confirma que la PTO sigue apostando por pruebas de prestigio en nuestro pa\u00eds.<\/h4>\n<p><a href=\"https:\/\/www.1406inn.com\" rel=\"nofollow noopener\" target=\"_blank\"><img fetchpriority=\"high\" decoding=\"async\" class=\"aligncenter size-full wp-image-75451\" src=\"https:\/\/miurltemporal.com/main/triatletasenred.sport.es\/wp-content\/uploads\/Tradeinn1406_700x150-1.jpg\" alt=\"\" width=\"700\" height=\"150\" srcset=\"https:\/\/miurltemporal.com/main/triatletasenred.sport.es\/wp-content\/uploads\/Tradeinn1406_700x150-1.jpg 700w, https:\/\/miurltemporal.com/main/triatletasenred.sport.es\/wp-content\/uploads\/Tradeinn1406_700x150-1-300x64.jpg 300w, https:\/\/miurltemporal.com/main/triatletasenred.sport.es\/wp-content\/uploads\/Tradeinn1406_700x150-1-696x150.jpg 696w\" sizes=\"(max-width: 700px) 100vw, 700px\" \/><\/a><\/p>\n<p>Half Triathlon Pamplona Iru\u00f1a y TRADEINN 140.6INN, ambos Campeonatos de Espa\u00f1a de Media y Larga distancia respectivamente han recibido el reconocimiento internacional que aporta la PTO en tanto que este 2022 ser\u00e1n pruebas de su circuito mundial y, por tanto, puntuables para su ranking final.<\/p>\n<h3>Sin duda una gran noticia para el triatl\u00f3n nacional a todos los niveles ya que a parte de la difusi\u00f3n medi\u00e1tica de nuestro triatl\u00f3n nacional, nuestros y nuestras triatletas de \u00e9lite podr\u00e1n optar a mejores premios y a &#8220;ranquear&#8221; en una clasificaci\u00f3n mundial de prestigio profesional y evidentemente econ\u00f3mico.<\/p>\n<p>TRADEINN 140.6INN, segunda edici\u00f3n bajo el paraguas de la PTO<\/h3>\n<hr \/>\n<p>Ya en la primera edici\u00f3n este evento llamado a ser referente a nivel europero estuvo en el radar de la PTO. Una apuesta que sali\u00f3 perfecta a la organizaci\u00f3n a todos los niveles y tambi\u00e9n a nuestros triatletas que escalaron puestos en la clasificaci\u00f3n mundial como fue el caso de Victor Arroyo o Roger Many\u00e0 que aparecieron en el ranking, adem\u00e1s de llevarse merecidamente una parte del pastel.<\/p>\n<p>El Campeonato de Espa\u00f1a de LD volver\u00e1 a tener un buen mix entre la &#8220;fauna&#8221; local y triatletas internacionales que saben de la exigencia de un circuito que estara poco poblado de bestias pardas que estar\u00e1n en esas fechas metidos en el mundial de Saint George.<\/p>\n<p>Entre los nacionales que podr\u00edan estar en la pomada tenemos a Victor Arroyo, Pello Osoro, Judith Corach\u00e1n o nuestro becario, Roger Many\u00e0.<\/p>\n<p><img decoding=\"async\" class=\"aligncenter size-full wp-image-67012\" src=\"https:\/\/miurltemporal.com/main/triatletasenred.sport.es\/wp-content\/uploads\/pamplona-1.jpg\" alt=\"\" width=\"1010\" height=\"567\" srcset=\"https:\/\/miurltemporal.com/main/triatletasenred.sport.es\/wp-content\/uploads\/pamplona-1.jpg 1010w, https:\/\/miurltemporal.com/main/triatletasenred.sport.es\/wp-content\/uploads\/pamplona-1-700x393.jpg 700w, https:\/\/miurltemporal.com/main/triatletasenred.sport.es\/wp-content\/uploads\/pamplona-1-300x168.jpg 300w, https:\/\/miurltemporal.com/main/triatletasenred.sport.es\/wp-content\/uploads\/pamplona-1-768x431.jpg 768w, https:\/\/miurltemporal.com/main/triatletasenred.sport.es\/wp-content\/uploads\/pamplona-1-696x391.jpg 696w, https:\/\/miurltemporal.com/main/triatletasenred.sport.es\/wp-content\/uploads\/pamplona-1-748x420.jpg 748w, https:\/\/miurltemporal.com/main/triatletasenred.sport.es\/wp-content\/uploads\/pamplona-1-640x359.jpg 640w\" sizes=\"(max-width: 1010px) 100vw, 1010px\" \/><\/p>\n<p>&nbsp;<\/p>\n<h4>Half Triathlon Pamplona Iru\u00f1a, incursi\u00f3n internacional con aires de grandeza<\/h4>\n<hr \/>\n<p>La prueba pamplonica que est\u00e1 inmersa en el popular y no oficial &#8220;circuito de la txapela&#8221; lleva a\u00f1os captando la atenci\u00f3n de los triatletas nacionales que llenan las plazas con meses de antelaci\u00f3n. El cari\u00f1o de la organizaci\u00f3n, las bondades de los recorridos y, como no, la pasi\u00f3n del norte hacen las delicias de cualquier amante del deporte.<\/p>\n<p>Esta apuesta de la PTO podr\u00eda situar esta ya m\u00edtica prueba nacional en el panorama europeo y situarla entre las pruebas que podr\u00edan desarrollar su potencial m\u00e1s all\u00e1 de nuestras fronteras, algo que se ver\u00e1 en pr\u00f3ximas ediciones.<\/p>\n<p>Son cl\u00e1sicos de este evento Gustavo Rodr\u00edguez, rey de txapelas, Helene Alberdi, Eneko Llanos y otros tantos deportistas de nuestra \u00e9lite que regalan espect\u00e1culo del bueno en tierras pamplonicas.<\/p>\n","protected":false},"excerpt":{"rendered":"<p>Un rumor que ha tomado forma finalmente en sendos comunicados en los que se confirma que la PTO apuesta por estas pruebas de prestigio<\/p>\n","protected":false},"author":2,"featured_media":77113,"comment_status":"closed","ping_status":"closed","sticky":false,"template":"","format":"standard","meta":{"_acf_changed":false,"rank_math_lock_modified_date":false,"footnotes":""},"categories":[17],"tags":[9069,7562],"class_list":{"0":"post-77112","1":"post","2":"type-post","3":"status-publish","4":"format-standard","5":"has-post-thumbnail","8":"tag-pruebas-pto-en-espana","9":"tag-pto"},"acf":[],"_links":{"self":[{"href":"https:\/\/miurltemporal.com/main/triatletasenred.sport.es\/wp-json\/wp\/v2\/posts\/77112"}],"collection":[{"href":"https:\/\/miurltemporal.com/main/triatletasenred.sport.es\/wp-json\/wp\/v2\/posts"}],"about":[{"href":"https:\/\/miurltemporal.com/main/triatletasenred.sport.es\/wp-json\/wp\/v2\/types\/post"}],"author":[{"embeddable":true,"href":"https:\/\/miurltemporal.com/main/triatletasenred.sport.es\/wp-json\/wp\/v2\/users\/2"}],"replies":[{"embeddable":true,"href":"https:\/\/miurltemporal.com/main/triatletasenred.sport.es\/wp-json\/wp\/v2\/comments?post=77112"}],"version-history":[{"count":2,"href":"https:\/\/miurltemporal.com/main/triatletasenred.sport.es\/wp-json\/wp\/v2\/posts\/77112\/revisions"}],"predecessor-version":[{"id":77115,"href":"https:\/\/miurltemporal.com/main/triatletasenred.sport.es\/wp-json\/wp\/v2\/posts\/77112\/revisions\/77115"}],"wp:featuredmedia":[{"embeddable":true,"href":"https:\/\/miurltemporal.com/main/triatletasenred.sport.es\/wp-json\/wp\/v2\/media\/77113"}],"wp:attachment":[{"href":"https:\/\/miurltemporal.com/main/triatletasenred.sport.es\/wp-json\/wp\/v2\/media?parent=77112"}],"wp:term":[{"taxonomy":"category","embeddable":true,"href":"https:\/\/miurltemporal.com/main/triatletasenred.sport.es\/wp-json\/wp\/v2\/categories?post=77112"},{"taxonomy":"post_tag","embeddable":true,"href":"https:\/\/miurltemporal.com/main/triatletasenred.sport.es\/wp-json\/wp\/v2\/tags?post=77112"}],"curies":[{"name":"wp","href":"https:\/\/api.w.org\/{rel}","templated":true}]}}