{"id":77038,"date":"2022-01-11T06:59:20","date_gmt":"2022-01-11T05:59:20","guid":{"rendered":"https:\/\/miurltemporal.com/main/triatletasenred.sport.es\/?p=77038"},"modified":"2022-01-11T15:35:54","modified_gmt":"2022-01-11T14:35:54","slug":"la-figura-de-carlos-david-prieto-la-sombra-de-noya-en-sus-5-mundiales","status":"publish","type":"post","link":"https:\/\/miurltemporal.com/main/triatletasenred.sport.es\/actualidad\/la-figura-de-carlos-david-prieto-la-sombra-de-noya-en-sus-5-mundiales\/","title":{"rendered":"La figura de Carlos David Prieto, la sombra de Noya en sus 5 Mundiales"},"content":{"rendered":"<h3>Repasamos la trayectoria de un binomio que lo ha ganado todo en la corta y la media distancia en 9 a\u00f1os<\/h3>\n<p><\/a><\/p>\n<p><strong>G\u00f3mez Noya<\/strong> se ten\u00eda que conformar con la plata en Hyde Park hace casi 10 a\u00f1os atr\u00e1s. Pese a correr el 10k en 29:16 hubo un triatleta que fue superior a \u00e9l. Y es que en 2012 parec\u00eda que los <strong>Brownlees<\/strong> eran imbatibles&#8230;<\/p>\n<p>Una rivalidad \u00e9pica que llev\u00f3 a <strong>Javi<\/strong> a tener que hacer &#8216;reformas&#8217; en su equipo con el \u00fanico objetivo de derrotar a los hermanos en la ITU. En ese momento apareci\u00f3 <strong>Carlos David<\/strong> Prieto. Un amigo de <strong>Javi<\/strong> de sus inicios en el trideporte, que se convertir\u00eda en el compa\u00f1ero de viaje perfecto en busca de esa mejor versi\u00f3n.<\/p>\n<p>Una mejor versi\u00f3n que no tard\u00f3 en sacar a relucir. Victoria en el Mundial ITU 2013 contra <strong>Jonny,<\/strong> victoria en 2014 y triplete en 2015. Muchas de las pruebas clave para llevarse el t\u00edtulo fueron ganadas al sprint, una cualidad que el d\u00fao supo rascar de las entra\u00f1as de un &#8216;pura sangre&#8217;.<\/p>\n<p>Por el camino, <strong>Noya<\/strong> ha sido dos veces Campe\u00f3n del Mundo de 70.3 (2014 y 2017) y ha conquistado dos bronces m\u00e1s (2016 y 2018), demostrando que se trata de uno de los mejores corredores del panorama mundial. Su trabajo encima de la cabra est\u00e1 dando sus frutos, y al gallego se le ha visto mucho m\u00e1s s\u00f3lido estas temporadas recientes.<\/p>\n<p>M\u00e1s de 11 triunfos entre pruebas IRONMAN, 70.3 y Challenge, que se acreditaban al mismo tiempo que era capaz de ganar un supersprint en la D1 francesa, han reafirmado el talento de Javi como un multidistancia. Algo que sin duda s\u00f3lo es capaz de materializarte si tu entorno est\u00e1 al 100% dedicado a ese objetivo, y <strong>Carlos<\/strong> siempre ha estado ah\u00ed.<\/p>\n<p>Adem\u00e1s, tanto Carlos como <strong>Javi<\/strong> han sido capaces de desarrollar una sinton\u00eda de trabajo muy positiva, rode\u00e1ndose de cracks como <b>Pablo\u00a0<\/b><strong>Dapena, Chente Hern\u00e1ndez, Tamara G\u00f3mez o David \u00a0Castro<\/strong> entre otras figuras que se encargan de estrujar al &#8216;Capi&#8217; en sus jornadas maratonianas.<\/p>\n<p>Ganar el oro ha sido la \u00fanica asignatura pendiente de una pareja que lo ha conseguido todo en el triatl\u00f3n, y que ha decidido marcar un punto y aparte en su carrera deportiva en b\u00fasqueda de nuevos objetivos.<\/p>\n<p>Actualmente, <strong>Prieto<\/strong> est\u00e1 al frente del grupo de tecnificaci\u00f3n del Centro Galego de Tecnificaci\u00f3n Deportiva, en Pontevedra, d\u00f3nde desarrolla las labores de entrenador para los j\u00f3venes deportistas becados.<\/p>\n<p><iframe title=\"Triatl\u00f3n en Vena \ud83d\udc89 Con Carlos Prieto. 9\ufe0f\u20e3 a\u00f1os de curro con Javier G\u00f3mez Noya\" width=\"696\" height=\"392\" src=\"https:\/\/www.youtube.com\/embed\/oWfAAQFBCTo?feature=oembed\" frameborder=\"0\" allow=\"accelerometer; autoplay; clipboard-write; encrypted-media; gyroscope; picture-in-picture; web-share\" referrerpolicy=\"strict-origin-when-cross-origin\" allowfullscreen><\/iframe><\/p>\n","protected":false},"excerpt":{"rendered":"<p>Repasamos la trayectoria de un binomio que lo ha ganado todo en la corta y la media distancia en 9 a\u00f1os G\u00f3mez Noya se ten\u00eda que conformar con la plata en Hyde Park hace casi 10 a\u00f1os atr\u00e1s. Pese a correr el 10k en 29:16 hubo un triatleta que fue superior a \u00e9l. Y es [&hellip;]<\/p>\n","protected":false},"author":309,"featured_media":77039,"comment_status":"closed","ping_status":"closed","sticky":false,"template":"","format":"standard","meta":{"_acf_changed":false,"rank_math_lock_modified_date":false,"footnotes":""},"categories":[17],"tags":[9060,9061],"class_list":{"0":"post-77038","1":"post","2":"type-post","3":"status-publish","4":"format-standard","5":"has-post-thumbnail","7":"category-actualidad","8":"tag-carlos-david-prieto","9":"tag-entrenador-gomez-noya"},"acf":[],"_links":{"self":[{"href":"https:\/\/miurltemporal.com/main/triatletasenred.sport.es\/wp-json\/wp\/v2\/posts\/77038"}],"collection":[{"href":"https:\/\/miurltemporal.com/main/triatletasenred.sport.es\/wp-json\/wp\/v2\/posts"}],"about":[{"href":"https:\/\/miurltemporal.com/main/triatletasenred.sport.es\/wp-json\/wp\/v2\/types\/post"}],"author":[{"embeddable":true,"href":"https:\/\/miurltemporal.com/main/triatletasenred.sport.es\/wp-json\/wp\/v2\/users\/309"}],"replies":[{"embeddable":true,"href":"https:\/\/miurltemporal.com/main/triatletasenred.sport.es\/wp-json\/wp\/v2\/comments?post=77038"}],"version-history":[{"count":3,"href":"https:\/\/miurltemporal.com/main/triatletasenred.sport.es\/wp-json\/wp\/v2\/posts\/77038\/revisions"}],"predecessor-version":[{"id":77047,"href":"https:\/\/miurltemporal.com/main/triatletasenred.sport.es\/wp-json\/wp\/v2\/posts\/77038\/revisions\/77047"}],"wp:featuredmedia":[{"embeddable":true,"href":"https:\/\/miurltemporal.com/main/triatletasenred.sport.es\/wp-json\/wp\/v2\/media\/77039"}],"wp:attachment":[{"href":"https:\/\/miurltemporal.com/main/triatletasenred.sport.es\/wp-json\/wp\/v2\/media?parent=77038"}],"wp:term":[{"taxonomy":"category","embeddable":true,"href":"https:\/\/miurltemporal.com/main/triatletasenred.sport.es\/wp-json\/wp\/v2\/categories?post=77038"},{"taxonomy":"post_tag","embeddable":true,"href":"https:\/\/miurltemporal.com/main/triatletasenred.sport.es\/wp-json\/wp\/v2\/tags?post=77038"}],"curies":[{"name":"wp","href":"https:\/\/api.w.org\/{rel}","templated":true}]}}