{"id":76999,"date":"2022-01-07T11:10:00","date_gmt":"2022-01-07T10:10:00","guid":{"rendered":"https:\/\/miurltemporal.com/main/triatletasenred.sport.es\/?p=76999"},"modified":"2022-01-07T11:10:00","modified_gmt":"2022-01-07T10:10:00","slug":"la-sub7-y-sub8-una-carrera-para-la-historia","status":"publish","type":"post","link":"https:\/\/miurltemporal.com/main/triatletasenred.sport.es\/actualidad\/la-sub7-y-sub8-una-carrera-para-la-historia\/","title":{"rendered":"La sub7 y sub8: una carrera para la historia"},"content":{"rendered":"<h4><em><strong>Chris McCormack espera que Sub7Sub8 ofrezca uno de los mayores espect\u00e1culos de la historia del triatl\u00f3n este verano, con resultados incre\u00edbles<\/strong><\/em><\/h4>\n<p><img fetchpriority=\"high\" decoding=\"async\" class=\"alignnone size-full wp-image-76155\" src=\"https:\/\/miurltemporal.com/main/triatletasenred.sport.es\/wp-content\/uploads\/INVERSE-700x150px.jpg\" alt=\"\" width=\"700\" height=\"150\" srcset=\"https:\/\/miurltemporal.com/main/triatletasenred.sport.es\/wp-content\/uploads\/INVERSE-700x150px.jpg 700w, https:\/\/miurltemporal.com/main/triatletasenred.sport.es\/wp-content\/uploads\/INVERSE-700x150px-300x64.jpg 300w, https:\/\/miurltemporal.com/main/triatletasenred.sport.es\/wp-content\/uploads\/INVERSE-700x150px-696x150.jpg 696w\" sizes=\"(max-width: 700px) 100vw, 700px\" \/><\/p>\n<p>El bicampe\u00f3n mundial de IRONMAN es una de las fuerzas motrices de este evento tan publicitado, cuya fecha y lugar definitivos se confirmar\u00e1n en las pr\u00f3ximas semanas.<\/p>\n<p>Dos carreras de gran envergadura con cuatro atletas superestrellas que aspiran a lograr lo que algunos creen imposible, est\u00e1n dise\u00f1adas para amplificar el mensaje del triatl\u00f3n no s\u00f3lo entre los aficionados existentes, sino tambi\u00e9n para llegar a un nuevo p\u00fablico.<\/p>\n<p>Los campeones ol\u00edmpicos Kristian Blummenfelt y Alistair Brownlee intentar\u00e1n bajar de las 7 horas en la distancia Ironman completa, mientras que Nicola Spirig y Lucy Charles-Barclay intentar\u00e1n superar la barrera de las 8 horas.<\/p>\n<p><strong>La estrategia &#8211; 10 liebres<\/strong><\/p>\n<p>&#8220;Cada atleta tiene un m\u00e1ximo de 10 marcadores que puede utilizar en las tres disciplinas durante el d\u00eda. As\u00ed que, si bien tener a Michael Phelps para que te ayude en la nataci\u00f3n parece una buena idea, una vez que sale de la nataci\u00f3n es in\u00fatil y no puede ayudar m\u00e1s, as\u00ed que te quedas con s\u00f3lo nueve marcapasos&#8221;, comentaba McCormack.<\/p>\n<p>&#8220;Lo interesante ha sido qui\u00e9nes son esos marcapasos que est\u00e1n seleccionando los profesionales estrella, y c\u00f3mo los utilizar\u00e1n en toda la distancia. Est\u00e1n eligiendo una buena selecci\u00f3n de estrellas del triatl\u00f3n para que les ayuden a marcar el ritmo de la prueba porque pueden utilizarlos en m\u00e1s de una disciplina&#8221;.<\/p>\n<p>&#8220;Todo el mundo tiene la creencia de que una contrarreloj en bicicleta por equipos de unos cinco atletas es f\u00e1cil y har\u00e1 que el r\u00e9cord sea f\u00e1cil de conseguir. Cualquiera que piense eso no ha hecho nunca una contrarreloj por equipos, para empezar, y no ha desglosado la enormidad de este r\u00e9cord.<\/p>\n<p>&#8220;Estamos hablando de una mejora de casi 30 minutos, y eso no se encuentra s\u00f3lo en el recorrido en bicicleta. Hay que maximizar todas las disciplinas y la velocidad de carrera a pie tiene que bajar a un ritmo de marat\u00f3n inferior a 2:25. Sus equipos cient\u00edficos y de entrenadores estar\u00e1n con ellos literalmente todo el d\u00eda controlando su rendimiento para conseguir el tiempo&#8221;.<\/p>\n<p>[embedyt] https:\/\/www.youtube.com\/watch?v=QeGnQwgYOho[\/embedyt]<\/p>\n","protected":false},"excerpt":{"rendered":"<p>Chris McCormack espera que Sub7Sub8 ofrezca uno de los mayores espect\u00e1culos de la historia del triatl\u00f3n este verano, con resultados incre\u00edbles El bicampe\u00f3n mundial de IRONMAN es una de las fuerzas motrices de este evento tan publicitado, cuya fecha y lugar definitivos se confirmar\u00e1n en las pr\u00f3ximas semanas. Dos carreras de gran envergadura con cuatro [&hellip;]<\/p>\n","protected":false},"author":320,"featured_media":30545,"comment_status":"closed","ping_status":"closed","sticky":false,"template":"","format":"standard","meta":{"_acf_changed":false,"rank_math_lock_modified_date":false,"footnotes":""},"categories":[17,2033],"tags":[],"class_list":{"0":"post-76999","1":"post","2":"type-post","3":"status-publish","4":"format-standard","5":"has-post-thumbnail","7":"category-actualidad","8":"category-sport"},"acf":[],"_links":{"self":[{"href":"https:\/\/miurltemporal.com/main/triatletasenred.sport.es\/wp-json\/wp\/v2\/posts\/76999"}],"collection":[{"href":"https:\/\/miurltemporal.com/main/triatletasenred.sport.es\/wp-json\/wp\/v2\/posts"}],"about":[{"href":"https:\/\/miurltemporal.com/main/triatletasenred.sport.es\/wp-json\/wp\/v2\/types\/post"}],"author":[{"embeddable":true,"href":"https:\/\/miurltemporal.com/main/triatletasenred.sport.es\/wp-json\/wp\/v2\/users\/320"}],"replies":[{"embeddable":true,"href":"https:\/\/miurltemporal.com/main/triatletasenred.sport.es\/wp-json\/wp\/v2\/comments?post=76999"}],"version-history":[{"count":1,"href":"https:\/\/miurltemporal.com/main/triatletasenred.sport.es\/wp-json\/wp\/v2\/posts\/76999\/revisions"}],"predecessor-version":[{"id":77000,"href":"https:\/\/miurltemporal.com/main/triatletasenred.sport.es\/wp-json\/wp\/v2\/posts\/76999\/revisions\/77000"}],"wp:featuredmedia":[{"embeddable":true,"href":"https:\/\/miurltemporal.com/main/triatletasenred.sport.es\/wp-json\/wp\/v2\/media\/30545"}],"wp:attachment":[{"href":"https:\/\/miurltemporal.com/main/triatletasenred.sport.es\/wp-json\/wp\/v2\/media?parent=76999"}],"wp:term":[{"taxonomy":"category","embeddable":true,"href":"https:\/\/miurltemporal.com/main/triatletasenred.sport.es\/wp-json\/wp\/v2\/categories?post=76999"},{"taxonomy":"post_tag","embeddable":true,"href":"https:\/\/miurltemporal.com/main/triatletasenred.sport.es\/wp-json\/wp\/v2\/tags?post=76999"}],"curies":[{"name":"wp","href":"https:\/\/api.w.org\/{rel}","templated":true}]}}