{"id":76985,"date":"2022-01-06T11:35:37","date_gmt":"2022-01-06T10:35:37","guid":{"rendered":"https:\/\/miurltemporal.com/main/triatletasenred.sport.es\/?p=76985"},"modified":"2022-01-06T11:35:37","modified_gmt":"2022-01-06T10:35:37","slug":"burgos-alimenta-falta-de-patrocinadores","status":"publish","type":"post","link":"https:\/\/miurltemporal.com/main/triatletasenred.sport.es\/actualidad\/burgos-alimenta-falta-de-patrocinadores\/","title":{"rendered":"El Burgos Alimenta no podr\u00e0 competir por falta de apoyo"},"content":{"rendered":"<h4><em><strong>En un comunicado en su cuenta de Twitter, el club ciclista burgal\u00e9s, anunci\u00f3 que no podr\u00e1 competir por la falta de patrocinadores<\/strong><\/em><\/h4>\n<p><img fetchpriority=\"high\" decoding=\"async\" class=\"alignnone size-full wp-image-76155\" src=\"https:\/\/miurltemporal.com/main/triatletasenred.sport.es\/wp-content\/uploads\/INVERSE-700x150px.jpg\" alt=\"\" width=\"700\" height=\"150\" srcset=\"https:\/\/miurltemporal.com/main/triatletasenred.sport.es\/wp-content\/uploads\/INVERSE-700x150px.jpg 700w, https:\/\/miurltemporal.com/main/triatletasenred.sport.es\/wp-content\/uploads\/INVERSE-700x150px-300x64.jpg 300w, https:\/\/miurltemporal.com/main/triatletasenred.sport.es\/wp-content\/uploads\/INVERSE-700x150px-696x150.jpg 696w\" sizes=\"(max-width: 700px) 100vw, 700px\" \/><\/p>\n<p>Con la palabra &#8220;Atenci\u00f3n&#8221; bien grande y con iconos de peligro para captar, eso precisamente, la atenci\u00f3n de todos, el Burgos Alimenta Women Cyling anunci\u00f3 la peor noticia de las posibles: no poder inscribir al equipo a las respetivas competiciones del nuevo a\u00f1o.<\/p>\n<p>El motivo, muy simple: &#8220;la falta de apoyo y patrocinadores&#8221;. Con esto, se demuestra, una vez m\u00e1s, los pocos recursos con los que cuenta el ciclismo y, concretamente, la secci\u00f3n femenina de este deporte. Desde Triatletas en Red queremos dar nuestros \u00e1nimos al Burgos Alimenta Women Cycling Sport y a todos los equipos que tienen que hacer acrobacias para poder inscribirse en competiciones.<\/p>\n<p>[embedyt] https:\/\/www.youtube.com\/watch?v=QeGnQwgYOho[\/embedyt]<\/p>\n<p>&nbsp;<\/p>\n","protected":false},"excerpt":{"rendered":"<p>En un comunicado en su cuenta de Twitter, el club ciclista burgal\u00e9s, anunci\u00f3 que no podr\u00e1 competir por la falta de patrocinadores<\/p>\n","protected":false},"author":320,"featured_media":76986,"comment_status":"closed","ping_status":"closed","sticky":false,"template":"","format":"standard","meta":{"_acf_changed":false,"rank_math_lock_modified_date":false,"footnotes":""},"categories":[17],"tags":[],"class_list":{"0":"post-76985","1":"post","2":"type-post","3":"status-publish","4":"format-standard","5":"has-post-thumbnail","7":"category-actualidad"},"acf":[],"_links":{"self":[{"href":"https:\/\/miurltemporal.com/main/triatletasenred.sport.es\/wp-json\/wp\/v2\/posts\/76985"}],"collection":[{"href":"https:\/\/miurltemporal.com/main/triatletasenred.sport.es\/wp-json\/wp\/v2\/posts"}],"about":[{"href":"https:\/\/miurltemporal.com/main/triatletasenred.sport.es\/wp-json\/wp\/v2\/types\/post"}],"author":[{"embeddable":true,"href":"https:\/\/miurltemporal.com/main/triatletasenred.sport.es\/wp-json\/wp\/v2\/users\/320"}],"replies":[{"embeddable":true,"href":"https:\/\/miurltemporal.com/main/triatletasenred.sport.es\/wp-json\/wp\/v2\/comments?post=76985"}],"version-history":[{"count":1,"href":"https:\/\/miurltemporal.com/main/triatletasenred.sport.es\/wp-json\/wp\/v2\/posts\/76985\/revisions"}],"predecessor-version":[{"id":76987,"href":"https:\/\/miurltemporal.com/main/triatletasenred.sport.es\/wp-json\/wp\/v2\/posts\/76985\/revisions\/76987"}],"wp:featuredmedia":[{"embeddable":true,"href":"https:\/\/miurltemporal.com/main/triatletasenred.sport.es\/wp-json\/wp\/v2\/media\/76986"}],"wp:attachment":[{"href":"https:\/\/miurltemporal.com/main/triatletasenred.sport.es\/wp-json\/wp\/v2\/media?parent=76985"}],"wp:term":[{"taxonomy":"category","embeddable":true,"href":"https:\/\/miurltemporal.com/main/triatletasenred.sport.es\/wp-json\/wp\/v2\/categories?post=76985"},{"taxonomy":"post_tag","embeddable":true,"href":"https:\/\/miurltemporal.com/main/triatletasenred.sport.es\/wp-json\/wp\/v2\/tags?post=76985"}],"curies":[{"name":"wp","href":"https:\/\/api.w.org\/{rel}","templated":true}]}}