{"id":76791,"date":"2021-12-22T06:27:26","date_gmt":"2021-12-22T05:27:26","guid":{"rendered":"https:\/\/miurltemporal.com/main/triatletasenred.sport.es\/?p=76791"},"modified":"2021-12-22T12:04:13","modified_gmt":"2021-12-22T11:04:13","slug":"triatlon-de-fromista-2022","status":"publish","type":"post","link":"https:\/\/miurltemporal.com/main/triatletasenred.sport.es\/actualidad\/triatlon-de-fromista-2022\/","title":{"rendered":"El Triatl\u00f3n de Fr\u00f3mista se consolida en 2022 como referente nacional, pasando a distancia half"},"content":{"rendered":"<h3>Una de las pruebas que a\u00fan a d\u00eda de hoy, sigue mimando desde el primer al \u00faltimo triatleta, se lanza a por el calendario de la media distancia, el pr\u00f3ximo 27 de agosto<\/h3>\n<p><a href=\"https:\/\/zone3.es\/\" rel=\"nofollow noopener\" target=\"_blank\"><img fetchpriority=\"high\" decoding=\"async\" class=\"aligncenter size-full wp-image-66903\" src=\"https:\/\/miurltemporal.com/main/triatletasenred.sport.es\/wp-content\/uploads\/Banner-Zone3-746x149px.gif\" alt=\"\" width=\"746\" height=\"149\" \/><\/a><\/p>\n<p>El pr\u00f3ximo 27 de Agosto, no ser\u00e1n solo los peregrinos los que llenar\u00e1n la peque\u00f1a ciudad castellanoleonesa, ya que se espera que muchos triatletas quieran quemar toda la carbonilla del verano en esta prueba, ahora de media distancia.<\/p>\n<p>El Club Triatl\u00f3n Fr\u00f3mista, junto con el Ayuntamiento local han impulsado la prueba, evolucionando a MD despu\u00e9s de unos a\u00f1os en los que el crecimiento ha sido totalmente org\u00e1nico y d\u00f3nde el mismo participante ped\u00eda que la fiesta se prolongase.<\/p>\n<h3>Inscripciones<\/h3>\n<p>Las inscripciones abrir\u00e1n el pr\u00f3ximo 29 de enero a un precio bonificado de 120\u20ac para los federados, que pasar\u00e1n a 140\u20ac el 1 de Mayo y a 150\u20ac el 1 de Agosto. Los no federados abonar\u00e1n 15\u20ac extra. Se a\u00f1aden 7\u20ac en ambos casos para el alquiler de chip exclusivo de la FTCYL.<\/p>\n<p>En caso de suspensi\u00f3n por COVID, se devolver\u00e1 el 100% de la inscripci\u00f3n.<\/p>\n<h3>Circuitos<\/h3>\n<p>Se trata de una de los triatlones m\u00e1s r\u00e1pidos de la temporada, con 1900m de nado a favor, seguidos de 90km de ciclismo para los amantes de la aerodin\u00e1mica. Llaneo y potencia pura (230m + de desnivel) que dar\u00e1n paso a un 21k a pie, que acostumbra a estar marcado por el ardiente sol mesetario y el combo &#8220;recta + repecho&#8221; que castigar\u00e1 las piernas de los atletas.<\/p>\n<h3>Premios<\/h3>\n<p>Una bolsa de premios de 10.000\u20ac que traer\u00e1 consigo a la \u00e9lite del pa\u00eds:<\/p>\n<p>2000\u20ac al primero, 1200\u20ac al segundo y 600\u20ac al tercer clasificado, que bajar\u00e1n hasta 100\u20ac para el puesto 10. En cada una de las categor\u00edas. <em>Chapeau\u00a0<\/em>Fr\u00f3mista.<\/p>\n<p>Se dar\u00e1 premio por equipos, a los grupos de edad, y a los mejores deportistas locales.<\/p>\n<h3>Puntos clave<\/h3>\n<p>La bolsa del triatleta es uno de los reclamos del triatl\u00f3n, junto con el trato cercano por parte de la organizaci\u00f3n y la habitual fiesta post premios que hacen de esta prueba, todo un referente para el resto del pa\u00eds.<\/p>\n<p>Adem\u00e1s, el fuerte compromiso con el no draft hacen la carrera m\u00e1s atractiva para todos aquellos que le dedican muchas horas al pedaleo, y quieren ver su esfuerzo recompensado el d\u00eda D.<\/p>\n<p>M\u00e1s info, pronto, en <a href=\"https:\/\/triatlonfromista.com\/\" rel=\"nofollow noopener\" target=\"_blank\">la web de la carrera.<\/a><\/p>\n","protected":false},"excerpt":{"rendered":"<p>Una de las pruebas que a\u00fan a d\u00eda de hoy, sigue mimando desde el primer al \u00faltimo triatleta, se lanza a por el calendario de la media distancia, el pr\u00f3ximo 27 de agosto El pr\u00f3ximo 27 de Agosto, no ser\u00e1n solo los peregrinos los que llenar\u00e1n la peque\u00f1a ciudad castellanoleonesa, ya que se espera que [&hellip;]<\/p>\n","protected":false},"author":309,"featured_media":76792,"comment_status":"closed","ping_status":"closed","sticky":false,"template":"","format":"standard","meta":{"_acf_changed":false,"rank_math_lock_modified_date":false,"footnotes":""},"categories":[17,19],"tags":[8833],"class_list":{"0":"post-76791","1":"post","2":"type-post","3":"status-publish","4":"format-standard","5":"has-post-thumbnail","7":"category-actualidad","8":"category-competiciones","9":"tag-triatlon-fromista"},"acf":[],"_links":{"self":[{"href":"https:\/\/miurltemporal.com/main/triatletasenred.sport.es\/wp-json\/wp\/v2\/posts\/76791"}],"collection":[{"href":"https:\/\/miurltemporal.com/main/triatletasenred.sport.es\/wp-json\/wp\/v2\/posts"}],"about":[{"href":"https:\/\/miurltemporal.com/main/triatletasenred.sport.es\/wp-json\/wp\/v2\/types\/post"}],"author":[{"embeddable":true,"href":"https:\/\/miurltemporal.com/main/triatletasenred.sport.es\/wp-json\/wp\/v2\/users\/309"}],"replies":[{"embeddable":true,"href":"https:\/\/miurltemporal.com/main/triatletasenred.sport.es\/wp-json\/wp\/v2\/comments?post=76791"}],"version-history":[{"count":5,"href":"https:\/\/miurltemporal.com/main/triatletasenred.sport.es\/wp-json\/wp\/v2\/posts\/76791\/revisions"}],"predecessor-version":[{"id":76822,"href":"https:\/\/miurltemporal.com/main/triatletasenred.sport.es\/wp-json\/wp\/v2\/posts\/76791\/revisions\/76822"}],"wp:featuredmedia":[{"embeddable":true,"href":"https:\/\/miurltemporal.com/main/triatletasenred.sport.es\/wp-json\/wp\/v2\/media\/76792"}],"wp:attachment":[{"href":"https:\/\/miurltemporal.com/main/triatletasenred.sport.es\/wp-json\/wp\/v2\/media?parent=76791"}],"wp:term":[{"taxonomy":"category","embeddable":true,"href":"https:\/\/miurltemporal.com/main/triatletasenred.sport.es\/wp-json\/wp\/v2\/categories?post=76791"},{"taxonomy":"post_tag","embeddable":true,"href":"https:\/\/miurltemporal.com/main/triatletasenred.sport.es\/wp-json\/wp\/v2\/tags?post=76791"}],"curies":[{"name":"wp","href":"https:\/\/api.w.org\/{rel}","templated":true}]}}