{"id":76726,"date":"2021-12-14T13:04:19","date_gmt":"2021-12-14T12:04:19","guid":{"rendered":"https:\/\/miurltemporal.com/main/triatletasenred.sport.es\/?p=76726"},"modified":"2021-12-14T13:59:43","modified_gmt":"2021-12-14T12:59:43","slug":"challenge-madrid-2","status":"publish","type":"post","link":"https:\/\/miurltemporal.com/main/triatletasenred.sport.es\/actualidad\/challenge-madrid-2\/","title":{"rendered":"&#8220;Nos vamos de Madrid con la cabeza alta&#8221; Challenge Family obligado a abandonar su proyecto en Madrid"},"content":{"rendered":"<p>En una rueda de prensa con los medios nacionales, Challenge Family ha explicado con detalle los pormenores de la cancelaci\u00f3n de su v\u00ednculo deportivo con Madrid.<\/p>\n<p><a href=\"https:\/\/www.1406inn.com\" rel=\"nofollow noopener\" target=\"_blank\"><img fetchpriority=\"high\" decoding=\"async\" class=\"aligncenter size-full wp-image-75451\" src=\"https:\/\/miurltemporal.com/main/triatletasenred.sport.es\/wp-content\/uploads\/Tradeinn1406_700x150-1.jpg\" alt=\"\" width=\"700\" height=\"150\" srcset=\"https:\/\/miurltemporal.com/main/triatletasenred.sport.es\/wp-content\/uploads\/Tradeinn1406_700x150-1.jpg 700w, https:\/\/miurltemporal.com/main/triatletasenred.sport.es\/wp-content\/uploads\/Tradeinn1406_700x150-1-300x64.jpg 300w, https:\/\/miurltemporal.com/main/triatletasenred.sport.es\/wp-content\/uploads\/Tradeinn1406_700x150-1-696x150.jpg 696w\" sizes=\"(max-width: 700px) 100vw, 700px\" \/><\/a><\/p>\n<p>Juanan Ferm\u00e1ndez y Alfonso Rodr\u00edguez m\u00e1ximos responsables de Challenge Madrid han dado la cara en una rueda de prensa convocada esta misma ma\u00f1ana en Madrid. En ella han puesto sobre la mesa los documentos y registros del evento y han expuesto su total disconformidad con la decisi\u00f3n ya sabida de excluir Challenge Madrid del calendario federativo.<\/p>\n<p>Alfonso Rodr\u00edguez ha mostrado y compartido la reglamentaci\u00f3n vigente poniendo en duda la resoluci\u00f3n de la Federaci\u00f3n Madrile\u00f1a de Triatl\u00f3n contrastando con datos y mostrando abiertamente los protocolos seguidos por la organizaci\u00f3n.<\/p>\n<blockquote class=\"td_quote_box td_box_center\">\n<h4>NOS VAMOS DE MADRID CON LA CABEZA ALTA<\/h4>\n<\/blockquote>\n<p>El director de carrera, ha admitido que se van con mucho dolor e indignaci\u00f3n por lo sucedido pero que no tienen pensado, por ahora, emprender medidas legales ante la situaci\u00f3n que se ha planteado. &#8220;Nos vamos con de Madrid con la cabeza alta&#8221; y sabiendo que nos han echado.<\/p>\n<p>Juanan Fern\u00e1ndez por su parte ha dejado entrever la posibilidad del &#8220;da\u00f1o empresarial&#8221; que el evento supone para otros dos eventos &#8220;que rezan bajo el paraguas del presidente de la Federaci\u00f3n Madrile\u00f1a de Triatl\u00f3n&#8221;<\/p>\n<blockquote class=\"td_quote_box td_box_center\">\n<h4>CUANDO SOLO TEN\u00cdAMOS LARGA DISTANCIA FUIMOS CAMPEONATO, AL ABRIR LA MEDIA DISTANCIA Y CONSEGUIR UN SOLD OUT EN 48H LA RELACI\u00d3N CAMBI\u00d3<\/h4>\n<\/blockquote>\n<p>No ha gustado el silencio del presidente de la Federaci\u00f3n que no ha querido responder las instancias al di\u00e1logo ni ha contestado a la invitaci\u00f3n a la rueda de prensa por parte de Challenge, seg\u00fan comentaba Juanan Fern\u00e1ndez.<\/p>\n<p>&#8220;Tengo la sensaci\u00f3n de que molestamos en Madrid. Mientras no ten\u00edamos prueba de media distancia todo era correcto, al organizar y conseguir un sold out r\u00e1pido en el Half Challenge la cosa cambi\u00f3, resulta por lo menos curioso&#8221; Comentaba Fern\u00e1ndez.<\/p>\n<p>El culebr\u00f3n entre Challenge Family y la Federaci\u00f3n Madrile\u00f1a ya viene de largo y mediante esta rueda de prensa dan por cerrada la etapa en la capital madrile\u00f1a.<\/p>\n<p>A falta de conocer la posici\u00f3n de la FMT, Madrir y el triatl\u00f3n pierden un evento. Desde este medio, sin conocer la verdad, ni juzgar culpables, lamentamos que las situaciones pol\u00edticas resten una vez m\u00e1s en lugar de sumar por el deporte.<\/p>\n<p>Ahora que cada uno, saque sus propias conclusiones.<\/p>\n<p>&nbsp;<\/p>\n<p>&nbsp;<\/p>\n","protected":false},"excerpt":{"rendered":"<p>En una rueda de prensa con los medios nacionales, Challenge Family ha explicado con detalle los pormenores de la cancelaci\u00f3n de su v\u00ednculo deportivo con Madrid. Juanan Ferm\u00e1ndez y Alfonso Rodr\u00edguez m\u00e1ximos responsables de Challenge Madrid han dado la cara en una rueda de prensa convocada esta misma ma\u00f1ana en Madrid. En ella han puesto [&hellip;]<\/p>\n","protected":false},"author":2,"featured_media":53785,"comment_status":"closed","ping_status":"closed","sticky":false,"template":"","format":"standard","meta":{"_acf_changed":false,"rank_math_lock_modified_date":false,"footnotes":""},"categories":[17],"tags":[5206,9028],"class_list":{"0":"post-76726","1":"post","2":"type-post","3":"status-publish","4":"format-standard","5":"has-post-thumbnail","7":"category-actualidad","8":"tag-challenge-madrid","9":"tag-federacion-madrilena"},"acf":[],"_links":{"self":[{"href":"https:\/\/miurltemporal.com/main/triatletasenred.sport.es\/wp-json\/wp\/v2\/posts\/76726"}],"collection":[{"href":"https:\/\/miurltemporal.com/main/triatletasenred.sport.es\/wp-json\/wp\/v2\/posts"}],"about":[{"href":"https:\/\/miurltemporal.com/main/triatletasenred.sport.es\/wp-json\/wp\/v2\/types\/post"}],"author":[{"embeddable":true,"href":"https:\/\/miurltemporal.com/main/triatletasenred.sport.es\/wp-json\/wp\/v2\/users\/2"}],"replies":[{"embeddable":true,"href":"https:\/\/miurltemporal.com/main/triatletasenred.sport.es\/wp-json\/wp\/v2\/comments?post=76726"}],"version-history":[{"count":2,"href":"https:\/\/miurltemporal.com/main/triatletasenred.sport.es\/wp-json\/wp\/v2\/posts\/76726\/revisions"}],"predecessor-version":[{"id":76728,"href":"https:\/\/miurltemporal.com/main/triatletasenred.sport.es\/wp-json\/wp\/v2\/posts\/76726\/revisions\/76728"}],"wp:featuredmedia":[{"embeddable":true,"href":"https:\/\/miurltemporal.com/main/triatletasenred.sport.es\/wp-json\/wp\/v2\/media\/53785"}],"wp:attachment":[{"href":"https:\/\/miurltemporal.com/main/triatletasenred.sport.es\/wp-json\/wp\/v2\/media?parent=76726"}],"wp:term":[{"taxonomy":"category","embeddable":true,"href":"https:\/\/miurltemporal.com/main/triatletasenred.sport.es\/wp-json\/wp\/v2\/categories?post=76726"},{"taxonomy":"post_tag","embeddable":true,"href":"https:\/\/miurltemporal.com/main/triatletasenred.sport.es\/wp-json\/wp\/v2\/tags?post=76726"}],"curies":[{"name":"wp","href":"https:\/\/api.w.org\/{rel}","templated":true}]}}