{"id":76720,"date":"2021-12-14T10:05:34","date_gmt":"2021-12-14T09:05:34","guid":{"rendered":"https:\/\/miurltemporal.com/main/triatletasenred.sport.es\/?p=76720"},"modified":"2021-12-14T12:49:25","modified_gmt":"2021-12-14T11:49:25","slug":"cazador-recrea-accidente-ciclista","status":"publish","type":"post","link":"https:\/\/miurltemporal.com/main/triatletasenred.sport.es\/actualidad\/cazador-recrea-accidente-ciclista\/","title":{"rendered":"Recrean el accidente del ciclista que sufri\u00f3 un disparo en el Monte Orgegia"},"content":{"rendered":"<h4><em><strong>Las im\u00e1genes demuestran que era muy poco probable ver al ciclista desde su posici\u00f3n.<\/strong><\/em><\/h4>\n<p><img fetchpriority=\"high\" decoding=\"async\" class=\"alignnone size-full wp-image-76155\" src=\"https:\/\/miurltemporal.com/main/triatletasenred.sport.es\/wp-content\/uploads\/INVERSE-700x150px.jpg\" alt=\"\" width=\"700\" height=\"150\" srcset=\"https:\/\/miurltemporal.com/main/triatletasenred.sport.es\/wp-content\/uploads\/INVERSE-700x150px.jpg 700w, https:\/\/miurltemporal.com/main/triatletasenred.sport.es\/wp-content\/uploads\/INVERSE-700x150px-300x64.jpg 300w, https:\/\/miurltemporal.com/main/triatletasenred.sport.es\/wp-content\/uploads\/INVERSE-700x150px-696x150.jpg 696w\" sizes=\"(max-width: 700px) 100vw, 700px\" \/><\/p>\n<p>Nos ponemos en contexto: domingo pasado en el Monte Orgegia de la provincia de Alicante. Un ciclista recibi\u00f3 un disparo accidental de un cazador cuyo objetivo era un conejo.<\/p>\n<p>El hecho provoc\u00f3 un torrente de desinformaci\u00f3n desencadenando que uno de los cazadores presentes en el d\u00eda del accidente se atreviera a recrear el acto con una grabaci\u00f3n en v\u00eddeo en el mismo lugar. Su objetivo es desmentir las falacias y blasfemias, que seg\u00fan \u00e9l, han llenado los medios de comunicaci\u00f3n.<\/p>\n<p>En el v\u00eddeo se puede observar al cazador que de su palabra emite los primeros vocablos: &#8220;El conejo sali\u00f3 de arriba, cruzaba para abajo, y al disparar al animal justamente sali\u00f3 el ciclista, que ven\u00eda del lado de la derecha&#8221; describe. Adem\u00e1s puntualiza que al ciclista no se le oy\u00f3 en ning\u00fan momento.<\/p>\n<p>Defendiendo a su amigo, el cazador comenta que el ciclista iba por &#8220;una senda en la que pasa un ciclista, luego dos, luego diez y al final terminan haciendo sus circuitos&#8221;. Adem\u00e1s denuncia actos que seg\u00fan \u00e9l provocan los corredores: &#8220;Rompen los \u00e1rboles y las piedras para hacerla, incluso ponen pal\u00e9s para poder continuar. Y se pasan incluso encima de los vivares de los conejos&#8221;.<\/p>\n<p>Para finalizar el v\u00eddeo declara que &#8220;<strong>yo no estoy en contra de los ciclistas<\/strong>. Lo que yo no veo bien es que vayan siempre a por el cazador, que paga su licencia, su seguro, su licencia de armas, su psicot\u00e9cnico, el seguro de sus perros\u2026\u00a0<strong>y le proh\u00edben cazar en un lugar en el que lo puede hacer 20 d\u00edas solamente de los 365<\/strong> que tiene el a\u00f1o&#8221;.<\/p>\n<p>[embedyt] https:\/\/www.youtube.com\/watch?v=BOElXqdFSIg[\/embedyt]<\/p>\n<p>&nbsp;<\/p>\n","protected":false},"excerpt":{"rendered":"<p>Las im\u00e1genes demuestran que era muy poco probable ver al ciclista desde su posici\u00f3n.<\/p>\n","protected":false},"author":320,"featured_media":76724,"comment_status":"closed","ping_status":"closed","sticky":false,"template":"","format":"standard","meta":{"_acf_changed":false,"rank_math_lock_modified_date":false,"footnotes":""},"categories":[17,2033],"tags":[4985,111,9027,1782],"class_list":{"0":"post-76720","1":"post","2":"type-post","3":"status-publish","4":"format-standard","5":"has-post-thumbnail","7":"category-actualidad","8":"category-sport","9":"tag-accidente","10":"tag-ciclismo","11":"tag-recreacion","12":"tag-video"},"acf":[],"_links":{"self":[{"href":"https:\/\/miurltemporal.com/main/triatletasenred.sport.es\/wp-json\/wp\/v2\/posts\/76720"}],"collection":[{"href":"https:\/\/miurltemporal.com/main/triatletasenred.sport.es\/wp-json\/wp\/v2\/posts"}],"about":[{"href":"https:\/\/miurltemporal.com/main/triatletasenred.sport.es\/wp-json\/wp\/v2\/types\/post"}],"author":[{"embeddable":true,"href":"https:\/\/miurltemporal.com/main/triatletasenred.sport.es\/wp-json\/wp\/v2\/users\/320"}],"replies":[{"embeddable":true,"href":"https:\/\/miurltemporal.com/main/triatletasenred.sport.es\/wp-json\/wp\/v2\/comments?post=76720"}],"version-history":[{"count":2,"href":"https:\/\/miurltemporal.com/main/triatletasenred.sport.es\/wp-json\/wp\/v2\/posts\/76720\/revisions"}],"predecessor-version":[{"id":76725,"href":"https:\/\/miurltemporal.com/main/triatletasenred.sport.es\/wp-json\/wp\/v2\/posts\/76720\/revisions\/76725"}],"wp:featuredmedia":[{"embeddable":true,"href":"https:\/\/miurltemporal.com/main/triatletasenred.sport.es\/wp-json\/wp\/v2\/media\/76724"}],"wp:attachment":[{"href":"https:\/\/miurltemporal.com/main/triatletasenred.sport.es\/wp-json\/wp\/v2\/media?parent=76720"}],"wp:term":[{"taxonomy":"category","embeddable":true,"href":"https:\/\/miurltemporal.com/main/triatletasenred.sport.es\/wp-json\/wp\/v2\/categories?post=76720"},{"taxonomy":"post_tag","embeddable":true,"href":"https:\/\/miurltemporal.com/main/triatletasenred.sport.es\/wp-json\/wp\/v2\/tags?post=76720"}],"curies":[{"name":"wp","href":"https:\/\/api.w.org\/{rel}","templated":true}]}}