{"id":76712,"date":"2021-12-13T11:36:41","date_gmt":"2021-12-13T10:36:41","guid":{"rendered":"https:\/\/miurltemporal.com/main/triatletasenred.sport.es\/?p=76712"},"modified":"2021-12-13T11:36:41","modified_gmt":"2021-12-13T10:36:41","slug":"accidente-benidorm-pretemporada","status":"publish","type":"post","link":"https:\/\/miurltemporal.com/main/triatletasenred.sport.es\/actualidad\/accidente-benidorm-pretemporada\/","title":{"rendered":"Nuevo l\u00edo en el mundo del ciclismo tras el atropello de tres corredores"},"content":{"rendered":"<h4 class=\"c-mainarticle__subtitle\"><em><strong>El espa\u00f1ol Mart\u00ed Vigo y los colombianos Brandon Rojas y Juan Diego Alba fueron embestidos por un veh\u00edculo en Benidorm<\/strong><\/em><\/h4>\n<p><img fetchpriority=\"high\" decoding=\"async\" class=\"alignnone size-full wp-image-76155\" src=\"https:\/\/miurltemporal.com/main/triatletasenred.sport.es\/wp-content\/uploads\/INVERSE-700x150px.jpg\" alt=\"\" width=\"700\" height=\"150\" srcset=\"https:\/\/miurltemporal.com/main/triatletasenred.sport.es\/wp-content\/uploads\/INVERSE-700x150px.jpg 700w, https:\/\/miurltemporal.com/main/triatletasenred.sport.es\/wp-content\/uploads\/INVERSE-700x150px-300x64.jpg 300w, https:\/\/miurltemporal.com/main/triatletasenred.sport.es\/wp-content\/uploads\/INVERSE-700x150px-696x150.jpg 696w\" sizes=\"(max-width: 700px) 100vw, 700px\" \/><\/p>\n<p>El equipo italiano Androni Giocattoli expuso en un comunicado que el pasado viernes d\u00eda 10 de diciembre tres de sus corredores fueron embestidos por un veh\u00edculo en el Training Camp que est\u00e1n realizando en la ciudad de Benidorm debido a la concentraci\u00f3n de pretemporada. Los corredores envueltos en el accidente son el espa\u00f1ol Mart\u00ed Vigo y los colombianos Juan Diego Alba y Brandon Rojas.<\/p>\n<p>A pesar de que los tres recibieron el impacto del veh\u00edculo, el peor parado fue Rojas, que tuvo que ser inmediatamente trasladado al hospital con <strong>un corte en el \u00e1rea de la garganta y un golpe en la rodilla derecha<\/strong>. Por su parte y por fortuna, tanto Vigo como Alba sufrieron diversos malos menores y solo presentaron unos hematomas, sin necesidad de ingreso hospitalario.<\/p>\n<p>[embedyt] https:\/\/www.youtube.com\/watch?v=BOElXqdFSIg[\/embedyt]<\/p>\n","protected":false},"excerpt":{"rendered":"<p>El espa\u00f1ol Mart\u00ed Vigo y los colombianos Brandon Rojas y Juan Diego Alba fueron embestidos por un veh\u00edculo en Benidorm<\/p>\n","protected":false},"author":320,"featured_media":76713,"comment_status":"closed","ping_status":"closed","sticky":false,"template":"","format":"standard","meta":{"_acf_changed":false,"rank_math_lock_modified_date":false,"footnotes":""},"categories":[17,2033],"tags":[4985,111],"class_list":{"0":"post-76712","1":"post","2":"type-post","3":"status-publish","4":"format-standard","5":"has-post-thumbnail","7":"category-actualidad","8":"category-sport","9":"tag-accidente","10":"tag-ciclismo"},"acf":[],"_links":{"self":[{"href":"https:\/\/miurltemporal.com/main/triatletasenred.sport.es\/wp-json\/wp\/v2\/posts\/76712"}],"collection":[{"href":"https:\/\/miurltemporal.com/main/triatletasenred.sport.es\/wp-json\/wp\/v2\/posts"}],"about":[{"href":"https:\/\/miurltemporal.com/main/triatletasenred.sport.es\/wp-json\/wp\/v2\/types\/post"}],"author":[{"embeddable":true,"href":"https:\/\/miurltemporal.com/main/triatletasenred.sport.es\/wp-json\/wp\/v2\/users\/320"}],"replies":[{"embeddable":true,"href":"https:\/\/miurltemporal.com/main/triatletasenred.sport.es\/wp-json\/wp\/v2\/comments?post=76712"}],"version-history":[{"count":1,"href":"https:\/\/miurltemporal.com/main/triatletasenred.sport.es\/wp-json\/wp\/v2\/posts\/76712\/revisions"}],"predecessor-version":[{"id":76714,"href":"https:\/\/miurltemporal.com/main/triatletasenred.sport.es\/wp-json\/wp\/v2\/posts\/76712\/revisions\/76714"}],"wp:featuredmedia":[{"embeddable":true,"href":"https:\/\/miurltemporal.com/main/triatletasenred.sport.es\/wp-json\/wp\/v2\/media\/76713"}],"wp:attachment":[{"href":"https:\/\/miurltemporal.com/main/triatletasenred.sport.es\/wp-json\/wp\/v2\/media?parent=76712"}],"wp:term":[{"taxonomy":"category","embeddable":true,"href":"https:\/\/miurltemporal.com/main/triatletasenred.sport.es\/wp-json\/wp\/v2\/categories?post=76712"},{"taxonomy":"post_tag","embeddable":true,"href":"https:\/\/miurltemporal.com/main/triatletasenred.sport.es\/wp-json\/wp\/v2\/tags?post=76712"}],"curies":[{"name":"wp","href":"https:\/\/api.w.org\/{rel}","templated":true}]}}