{"id":76706,"date":"2021-12-13T07:00:12","date_gmt":"2021-12-13T06:00:12","guid":{"rendered":"https:\/\/miurltemporal.com/main/triatletasenred.sport.es\/?p=76706"},"modified":"2021-12-13T02:27:41","modified_gmt":"2021-12-13T01:27:41","slug":"asi-son-los-nuevos-circuitos-del-140-6inn-international-triathlon-2022","status":"publish","type":"post","link":"https:\/\/miurltemporal.com/main/triatletasenred.sport.es\/actualidad\/asi-son-los-nuevos-circuitos-del-140-6inn-international-triathlon-2022\/","title":{"rendered":"As\u00ed son los NUEVOS circuitos del 140.6INN International Triathlon 2022"},"content":{"rendered":"<h3>El 140.6INN International Triathlon se avanza de fecha en su segunda edici\u00f3n, y adem\u00e1s presenta unos nuevos circuitos con un ciclismo con un perfil notablemente para rodadores y con muchos m\u00e1s puntos de avituallamiento<\/h3>\n<p><a href=\"https:\/\/www.1406inn.com\" rel=\"nofollow noopener\" target=\"_blank\"><img fetchpriority=\"high\" decoding=\"async\" class=\"aligncenter size-full wp-image-75451\" src=\"https:\/\/miurltemporal.com/main/triatletasenred.sport.es\/wp-content\/uploads\/Tradeinn1406_700x150-1.jpg\" alt=\"\" width=\"700\" height=\"150\" srcset=\"https:\/\/miurltemporal.com/main/triatletasenred.sport.es\/wp-content\/uploads\/Tradeinn1406_700x150-1.jpg 700w, https:\/\/miurltemporal.com/main/triatletasenred.sport.es\/wp-content\/uploads\/Tradeinn1406_700x150-1-300x64.jpg 300w, https:\/\/miurltemporal.com/main/triatletasenred.sport.es\/wp-content\/uploads\/Tradeinn1406_700x150-1-696x150.jpg 696w\" sizes=\"(max-width: 700px) 100vw, 700px\" \/><\/a><\/p>\n<p>Vamos a darle una primera pincelada a la prueba que acoger\u00e1, como ya lo ha hecho en este 2021 que se cierra, el Campeonato de Espa\u00f1a de Larga Distancia.<\/p>\n<p>Una segunda edici\u00f3n en la que los organizadores han tomado nota de los aspectos a pulir de cada a celebrar una prueba referente a nivel mundial.<\/p>\n<h3>Nataci\u00f3n<\/h3>\n<p>Nada nuevo.<\/p>\n<p><img decoding=\"async\" class=\"alignright\" src=\"https:\/\/www.1406inn.com\/img\/detall-swiminnCourse.svg\" alt=\"swiminn course\" width=\"335\" height=\"310\" \/>3800m sin ninguna dificultad, a una sola vuelta y en una playa con visibilidad perfecta de las boyas y nada de oleaje.<\/p>\n<p>La 1\u00aa edici\u00f3n fue una piscina, con un salida del sol pr\u00e1cticamente enlazada con el pistoletazo de salida.<\/p>\n<p>Asimismo, y dada la fecha en la que se va a disputar la prueba (08\/05\/2022) se supone que el neopreno ser\u00e1 igualmente opcional o mandatorio en la Platja Llarga de Platja d&#8217;Aro.<\/p>\n<h3>Ciclismo<\/h3>\n<p><a href=\"https:\/\/www.strava.com\/routes\/2856164557717697432\" rel=\"nofollow noopener\" target=\"_blank\"><img decoding=\"async\" class=\"alignright\" src=\"https:\/\/www.1406inn.com\/img\/detall-bikeinnCourse.svg\" alt=\"bikeinn course\" width=\"382\" height=\"354\" \/><\/a>Aqu\u00ed llegan los cambios grandes.<\/p>\n<p>Los triatletas partir\u00e1n encadenando el Alt de Romany\u00e0 y la Ganga como platos principales de los 180km de ciclismo.<\/p>\n<p>Sin embargo, el descenso de la Ganga que da paso a La Bisbal d&#8217;Empord\u00e0, marcar\u00e1 el inicio de un gran bucle de m\u00e1s de 100 kil\u00f3metros pr\u00e1cticamente llanos. En esa vuelta, se recorrer\u00e1 el Baix y el Alt Empord\u00e0, con paso por la sede de TRADEINN antes de las dos horas de pedaleo.<\/p>\n<p>Una vez completado ese <em>loop,\u00a0<\/em>se subir\u00e1 la Ganga y Romany\u00e0 por la vertiente contraria, para terminar otra vez en Platja d&#8217;Aro e iniciar la marat\u00f3n final.<\/p>\n<p>El gran cambio viene de la mano de muchos m\u00e1s puestos de avituallamiento, contando hasta 7 puntos de avituallamiento a lo largo de todo el recorrido.<\/p>\n<h3>Carrera a pie<\/h3>\n<p><img loading=\"lazy\" decoding=\"async\" class=\"alignright\" src=\"https:\/\/www.1406inn.com\/img\/detall-runnerinnCourse.svg\" alt=\"runnrinn course\" width=\"443\" height=\"410\" \/>Los 42km tambi\u00e9n se modifican en esta segunda edici\u00f3n.<\/p>\n<p>La vuelta que deber\u00e1 completarse un total de 4 veces discurrir\u00e1, en su totalidad, dentro del municipio de Platja d&#8217;Aro.<\/p>\n<p>La diferencia pues con la 1\u00aa edici\u00f3n, es la desaparici\u00f3n del tramo de ida y vuelta por pista de tierra, en la Via Verda.<\/p>\n<p>Se cuentan hasta 5 puntos de avituallamiento por vuelta, a falta de concretar si se podr\u00e1 dar &#8220;Avituallamiento especial&#8221; en el Parc dels Estanys.<\/p>\n<p>En 2022 los triatletas correr\u00e1n por todo el paseo principal de Platja d&#8217;Aro, acumulando casi el 100% del recorrido en asfalto o cemento. M\u00e1s r\u00e1pida y m\u00e1s impacto.<\/p>\n<p>El resto del circuito es calcado al 2021.<\/p>\n<p><a href=\"https:\/\/www.1406inn.com\/carrera?idioma=spa\" rel=\"nofollow noopener\" target=\"_blank\">Click aqu\u00ed <\/a>para consultar toda la informaci\u00f3n referente a la pr\u00f3xima edici\u00f3n.<\/p>\n<p>[embedyt] https:\/\/www.youtube.com\/watch?v=BOElXqdFSIg[\/embedyt]<\/p>\n","protected":false},"excerpt":{"rendered":"<p>El 140.6INN International Triathlon se avanza de fecha en su segunda edici\u00f3n, y adem\u00e1s presenta unos nuevos circuitos con un ciclismo con un perfil notablemente para rodadores y con muchos m\u00e1s puntos de avituallamiento Vamos a darle una primera pincelada a la prueba que acoger\u00e1, como ya lo ha hecho en este 2021 que se [&hellip;]<\/p>\n","protected":false},"author":309,"featured_media":76707,"comment_status":"closed","ping_status":"closed","sticky":false,"template":"","format":"standard","meta":{"_acf_changed":false,"rank_math_lock_modified_date":false,"footnotes":""},"categories":[17,19],"tags":[7981,9025,6260],"class_list":{"0":"post-76706","1":"post","2":"type-post","3":"status-publish","4":"format-standard","5":"has-post-thumbnail","7":"category-actualidad","8":"category-competiciones","9":"tag-140-6inn","10":"tag-circuitos-140-6inn","11":"tag-platja-daro"},"acf":[],"_links":{"self":[{"href":"https:\/\/miurltemporal.com/main/triatletasenred.sport.es\/wp-json\/wp\/v2\/posts\/76706"}],"collection":[{"href":"https:\/\/miurltemporal.com/main/triatletasenred.sport.es\/wp-json\/wp\/v2\/posts"}],"about":[{"href":"https:\/\/miurltemporal.com/main/triatletasenred.sport.es\/wp-json\/wp\/v2\/types\/post"}],"author":[{"embeddable":true,"href":"https:\/\/miurltemporal.com/main/triatletasenred.sport.es\/wp-json\/wp\/v2\/users\/309"}],"replies":[{"embeddable":true,"href":"https:\/\/miurltemporal.com/main/triatletasenred.sport.es\/wp-json\/wp\/v2\/comments?post=76706"}],"version-history":[{"count":1,"href":"https:\/\/miurltemporal.com/main/triatletasenred.sport.es\/wp-json\/wp\/v2\/posts\/76706\/revisions"}],"predecessor-version":[{"id":76708,"href":"https:\/\/miurltemporal.com/main/triatletasenred.sport.es\/wp-json\/wp\/v2\/posts\/76706\/revisions\/76708"}],"wp:featuredmedia":[{"embeddable":true,"href":"https:\/\/miurltemporal.com/main/triatletasenred.sport.es\/wp-json\/wp\/v2\/media\/76707"}],"wp:attachment":[{"href":"https:\/\/miurltemporal.com/main/triatletasenred.sport.es\/wp-json\/wp\/v2\/media?parent=76706"}],"wp:term":[{"taxonomy":"category","embeddable":true,"href":"https:\/\/miurltemporal.com/main/triatletasenred.sport.es\/wp-json\/wp\/v2\/categories?post=76706"},{"taxonomy":"post_tag","embeddable":true,"href":"https:\/\/miurltemporal.com/main/triatletasenred.sport.es\/wp-json\/wp\/v2\/tags?post=76706"}],"curies":[{"name":"wp","href":"https:\/\/api.w.org\/{rel}","templated":true}]}}