{"id":76449,"date":"2021-11-21T21:47:14","date_gmt":"2021-11-21T20:47:14","guid":{"rendered":"https:\/\/miurltemporal.com/main/triatletasenred.sport.es\/?p=76449"},"modified":"2021-11-21T23:47:43","modified_gmt":"2021-11-21T22:47:43","slug":"gurutze-frades-2a-en-im-cozumel-con-record-espanol","status":"publish","type":"post","link":"https:\/\/miurltemporal.com/main/triatletasenred.sport.es\/actualidad\/gurutze-frades-2a-en-im-cozumel-con-record-espanol\/","title":{"rendered":"Gurutze Frades 2\u00aa en IM Cozumel con R\u00c9CORD ESPA\u00d1OL"},"content":{"rendered":"<h3>La vizca\u00edna suma un podio m\u00e1s a su palmar\u00e9s con 8:31:12, cerrando un genial 2021 d\u00f3nde ya fue 2\u00aa en IRONMAN Chattanooga hace dos meses<\/h3>\n<p><a href=\"https:\/\/www.canyon.com\/es-es\/road-bikes\/triathlon-bikes\/speedmax\/cf\/?utm_medium=special-interest-online&amp;utm_source=triatletasenred&amp;utm_campaign=c0620-bike_push_speedmaxcf\" rel=\"nofollow noopener\" target=\"_blank\"><img fetchpriority=\"high\" decoding=\"async\" class=\"aligncenter size-full wp-image-74946\" src=\"https:\/\/miurltemporal.com/main/triatletasenred.sport.es\/wp-content\/uploads\/bannerCanyon_750.gif\" alt=\"\" width=\"700\" height=\"150\" \/><\/a><\/p>\n<p><strong>Carrie Lester<\/strong> lideraba una nataci\u00f3n rapid\u00edsima, dado que se nadaba a favor de la corriente, con un tiempo de 43:12.<\/p>\n<p><strong>Guru<\/strong> por su parte ced\u00eda menos de 6 minutos, saliendo en el puesto 14. A un minuto sal\u00eda <strong>Helena Herrero.<\/strong><\/p>\n<p>Ya en la bici, son <strong>Lester<\/strong> y <strong>Griesbauer\u00a0<\/strong>quienes marchan en cabeza, y aunque de primeras parece que dejar\u00e1n la prueba sentenciada, la temperatura y humedad de la isla a\u00fan ten\u00eda mucho por decir.<\/p>\n<p>Por su parte, <strong>Frades<\/strong> ir\u00eda recortando diferencias y escalando puestos hasta colarse en el top10 antes del km 120, con los 42km a pie por delante.<\/p>\n<p>Ya en la marat\u00f3n, <strong>Lester<\/strong> empezar\u00eda a perder pistonada desde el principio, mientras que <strong>Svensk<\/strong> empieza su caza, al igual que <strong>Gurutze.<\/strong><\/p>\n<p>Al paso por la media marat\u00f3n, <strong>Guru<\/strong> pasa a menos de 9 minutos, mientras que <strong>Lester<\/strong> va progresivamente cediendo tiempo sobre <strong>Svensk, <\/strong>que a su vez corr\u00eda al mismo ritmo que la espa\u00f1ola.<\/p>\n<p>Finalmente, ser\u00eda <strong>Sara Swensk<\/strong> qui\u00e9n se impondr\u00eda con un tiempo brutal de 8:22:41, con <strong>Gurutze Frades<\/strong> entrando a nueve minutos y marcando un nuevo r\u00e9cord hist\u00f3rico nacional con 8:31:12 (rebajando la plusmarca que ella misma ostentaba con 8:49:40). <strong>Carrie Lester<\/strong> completar\u00eda el podio despu\u00e9s de ser pasada por <strong>Guru<\/strong> en los \u00faltimos minutos de la marat\u00f3n.<\/p>\n<p>[embedyt] https:\/\/www.youtube.com\/watch?v=6jiiviBRs58[\/embedyt]<\/p>\n","protected":false},"excerpt":{"rendered":"<p>La vizca\u00edna suma un podio m\u00e1s a su palmar\u00e9s con 8:31:12, cerrando un genial 2021 d\u00f3nde ya fue 2\u00aa en IRONMAN Chattanooga hace dos meses Carrie Lester lideraba una nataci\u00f3n rapid\u00edsima, dado que se nadaba a favor de la corriente, con un tiempo de 43:12. Guru por su parte ced\u00eda menos de 6 minutos, saliendo [&hellip;]<\/p>\n","protected":false},"author":309,"featured_media":75697,"comment_status":"closed","ping_status":"closed","sticky":false,"template":"","format":"standard","meta":{"_acf_changed":false,"rank_math_lock_modified_date":false,"footnotes":""},"categories":[17,19],"tags":[1042,439],"class_list":{"0":"post-76449","1":"post","2":"type-post","3":"status-publish","4":"format-standard","5":"has-post-thumbnail","7":"category-actualidad","8":"category-competiciones","9":"tag-gurutze-frades","10":"tag-ironman-cozumel"},"acf":[],"_links":{"self":[{"href":"https:\/\/miurltemporal.com/main/triatletasenred.sport.es\/wp-json\/wp\/v2\/posts\/76449"}],"collection":[{"href":"https:\/\/miurltemporal.com/main/triatletasenred.sport.es\/wp-json\/wp\/v2\/posts"}],"about":[{"href":"https:\/\/miurltemporal.com/main/triatletasenred.sport.es\/wp-json\/wp\/v2\/types\/post"}],"author":[{"embeddable":true,"href":"https:\/\/miurltemporal.com/main/triatletasenred.sport.es\/wp-json\/wp\/v2\/users\/309"}],"replies":[{"embeddable":true,"href":"https:\/\/miurltemporal.com/main/triatletasenred.sport.es\/wp-json\/wp\/v2\/comments?post=76449"}],"version-history":[{"count":3,"href":"https:\/\/miurltemporal.com/main/triatletasenred.sport.es\/wp-json\/wp\/v2\/posts\/76449\/revisions"}],"predecessor-version":[{"id":76457,"href":"https:\/\/miurltemporal.com/main/triatletasenred.sport.es\/wp-json\/wp\/v2\/posts\/76449\/revisions\/76457"}],"wp:featuredmedia":[{"embeddable":true,"href":"https:\/\/miurltemporal.com/main/triatletasenred.sport.es\/wp-json\/wp\/v2\/media\/75697"}],"wp:attachment":[{"href":"https:\/\/miurltemporal.com/main/triatletasenred.sport.es\/wp-json\/wp\/v2\/media?parent=76449"}],"wp:term":[{"taxonomy":"category","embeddable":true,"href":"https:\/\/miurltemporal.com/main/triatletasenred.sport.es\/wp-json\/wp\/v2\/categories?post=76449"},{"taxonomy":"post_tag","embeddable":true,"href":"https:\/\/miurltemporal.com/main/triatletasenred.sport.es\/wp-json\/wp\/v2\/tags?post=76449"}],"curies":[{"name":"wp","href":"https:\/\/api.w.org\/{rel}","templated":true}]}}