{"id":76448,"date":"2021-11-21T20:21:32","date_gmt":"2021-11-21T19:21:32","guid":{"rendered":"https:\/\/miurltemporal.com/main/triatletasenred.sport.es\/?p=76448"},"modified":"2021-11-21T21:59:14","modified_gmt":"2021-11-21T20:59:14","slug":"kristian-blummenfelt-revienta-el-record-del-mundo-de-ironman","status":"publish","type":"post","link":"https:\/\/miurltemporal.com/main/triatletasenred.sport.es\/actualidad\/kristian-blummenfelt-revienta-el-record-del-mundo-de-ironman\/","title":{"rendered":"Kristian Blummenfelt REVIENTA el R\u00c9CORD DEL MUNDO de IRONMAN"},"content":{"rendered":"<h3>El noruego -ya poseedor de la plusmarca en 70.3- ha conseguido el mejor registro de todos los tiempos en su debut, con un crono de 7:21:12, despu\u00e9s de una nataci\u00f3n con corriente favorable. V\u00edctor Arroyo es 7\u00ba con 7:52<\/h3>\n<p>Ni el oro ol\u00edmpico en Tokio, ni el Campeonato del Mundo, ni siquiera el hecho de ser el r\u00e9cordman de 70.3, han amedrentado al triatleta de 27 a\u00f1os para que venciese en IRONMAN Cozumel, despu\u00e9s de ofrecer un verdadero espect\u00e1culo.<\/p>\n<p>Y es que s\u00f3lo dos semanas despu\u00e9s de que <strong>Gustav Iden<\/strong> protagonizase el mejor debut de la historia en IRONMAN Florida, los libros de historia vuelven a escribirse hoy 21 de noviembre de 2021, por culpa de <strong>Kristian Blummenfelt.<\/strong><\/p>\n<p>Una nataci\u00f3n corta dejaba al grupo de cabeza saliendo del agua con 39:39 minutos, estando entre los 10 tiempos m\u00e1s r\u00e1pidos de la historia. <strong>Emilio Aguayo<\/strong> estar\u00eda dentro del grupo de 14 l\u00edderes, con <strong>V\u00edctor Arroyo<\/strong> cediendo 5&#8217;43&#8221;, junto al resto de espa\u00f1oles.<\/p>\n<p>Antes del ecuador del ciclismo, dos de los favoritos, el sueco <strong>Patrik Nilsson<\/strong> y <strong>Kristian Blummenfelt,<\/strong> se marchaban en solitario metiendo m\u00e1s y m\u00e1s tiempo sobre el grupo de Aguayo, que al paso por el kil\u00f3metro 100, perd\u00eda tres minutos.<\/p>\n<p>Desde ese momento, es <strong>Ruedi Wild<\/strong> qui\u00e9n decide saltar del grupo perseguidor junto a <strong>Aguayo,<\/strong> para plantarse en la T2 a menos de 9 minutos de <strong>Blummenfelt,<\/strong> ya que <strong>Nilsson<\/strong> deja la bici reventado y con problemas f\u00edsicos y es DNF.<\/p>\n<p>Ya en el asfalto de la isla mexicana, el noruego sale disparado a ritmo crucero sub 3:35\/km, mientras que <strong>Emilio<\/strong> pierde algo de fuelle a medida que avanzan los kil\u00f3metros.<\/p>\n<p>Por su parte, <strong>V\u00edctor Arroyo,<\/strong> que se hab\u00eda bajado en el puesto 19, empieza su remontada personal y pasa el ecuador de la carrera ya metido en el top 10.<\/p>\n<p>A partir del kil\u00f3metro 25, <strong>Blummenfelt<\/strong> empieza a perder fuelle pero aguanta el tipo. Su renta es de m\u00e1s de 12 minutos.<\/p>\n<p>Finalmente, <strong>Kristian Blummenfelt<\/strong> vence con un tiempo de 7:21:12.<\/p>\n<p><strong>Ruedi Wild<\/strong> es segundo, mientras que <strong>Paul Schuster<\/strong> es tercero.<\/p>\n<p><strong>V\u00edctor Arroyo<\/strong> completa una genial temporada entrando 7\u00ba con 7:52:42.<\/p>\n<p>Resultados <a href=\"https:\/\/track.rtrt.me\/e\/IRM-COZUMEL-2021#\/leaderboard\/pro-men-pro-men-pro-men-ironman\/RUN5\" rel=\"nofollow noopener\" target=\"_blank\">aqu\u00ed<\/a>.<\/p>\n","protected":false},"excerpt":{"rendered":"<p>El noruego -ya poseedor de la plusmarca en 70.3- ha conseguido el mejor registro de todos los tiempos en su debut, con un crono de 7:21:12, despu\u00e9s de una nataci\u00f3n con corriente favorable. V\u00edctor Arroyo es 7\u00ba con 7:52 Ni el oro ol\u00edmpico en Tokio, ni el Campeonato del Mundo, ni siquiera el hecho de [&hellip;]<\/p>\n","protected":false},"author":309,"featured_media":76450,"comment_status":"closed","ping_status":"closed","sticky":false,"template":"","format":"standard","meta":{"_acf_changed":false,"rank_math_lock_modified_date":false,"footnotes":""},"categories":[17],"tags":[6385],"class_list":{"0":"post-76448","1":"post","2":"type-post","3":"status-publish","4":"format-standard","5":"has-post-thumbnail","7":"category-actualidad","8":"tag-kristian-blummenfelt"},"acf":[],"_links":{"self":[{"href":"https:\/\/miurltemporal.com/main/triatletasenred.sport.es\/wp-json\/wp\/v2\/posts\/76448"}],"collection":[{"href":"https:\/\/miurltemporal.com/main/triatletasenred.sport.es\/wp-json\/wp\/v2\/posts"}],"about":[{"href":"https:\/\/miurltemporal.com/main/triatletasenred.sport.es\/wp-json\/wp\/v2\/types\/post"}],"author":[{"embeddable":true,"href":"https:\/\/miurltemporal.com/main/triatletasenred.sport.es\/wp-json\/wp\/v2\/users\/309"}],"replies":[{"embeddable":true,"href":"https:\/\/miurltemporal.com/main/triatletasenred.sport.es\/wp-json\/wp\/v2\/comments?post=76448"}],"version-history":[{"count":3,"href":"https:\/\/miurltemporal.com/main/triatletasenred.sport.es\/wp-json\/wp\/v2\/posts\/76448\/revisions"}],"predecessor-version":[{"id":76456,"href":"https:\/\/miurltemporal.com/main/triatletasenred.sport.es\/wp-json\/wp\/v2\/posts\/76448\/revisions\/76456"}],"wp:featuredmedia":[{"embeddable":true,"href":"https:\/\/miurltemporal.com/main/triatletasenred.sport.es\/wp-json\/wp\/v2\/media\/76450"}],"wp:attachment":[{"href":"https:\/\/miurltemporal.com/main/triatletasenred.sport.es\/wp-json\/wp\/v2\/media?parent=76448"}],"wp:term":[{"taxonomy":"category","embeddable":true,"href":"https:\/\/miurltemporal.com/main/triatletasenred.sport.es\/wp-json\/wp\/v2\/categories?post=76448"},{"taxonomy":"post_tag","embeddable":true,"href":"https:\/\/miurltemporal.com/main/triatletasenred.sport.es\/wp-json\/wp\/v2\/tags?post=76448"}],"curies":[{"name":"wp","href":"https:\/\/api.w.org\/{rel}","templated":true}]}}