{"id":76426,"date":"2021-11-18T18:37:04","date_gmt":"2021-11-18T17:37:04","guid":{"rendered":"https:\/\/miurltemporal.com/main/triatletasenred.sport.es\/?p=76426"},"modified":"2021-11-18T18:37:04","modified_gmt":"2021-11-18T17:37:04","slug":"challenge-cycling-terres-de-lebre-3","status":"publish","type":"post","link":"https:\/\/miurltemporal.com/main/triatletasenred.sport.es\/actualidad\/challenge-cycling-terres-de-lebre-3\/","title":{"rendered":"Exitazo del primer Challenge Cycling Terres de l&#8217;Ebre"},"content":{"rendered":"<h4><em><strong>Con el objetivo de situar las Terres de l&#8217;Ebre en el mapa del cicloturismo, la primera edici\u00f3n de la prueba cerrar\u00e1 con m\u00e1s de 250 inscritos.<\/strong><\/em><\/h4>\n<p><img fetchpriority=\"high\" decoding=\"async\" class=\"alignnone size-full wp-image-75715\" src=\"https:\/\/miurltemporal.com/main/triatletasenred.sport.es\/wp-content\/uploads\/terres-ebre700.gif\" alt=\"\" width=\"700\" height=\"100\" \/><\/p>\n<p>El final de noviembre est\u00e1 a la vuelta de la esquina; y con esto, la clausura de la primera edici\u00f3n del Challenge Cycling Terres de l&#8217;Ebre, cuyo objetivo era situar en el mapa del cicloturismo deportivo las Terres de l&#8217;Ebre.<\/p>\n<p>Desde la organizaci\u00f3n valoran con muy buena nota la edici\u00f3n de apertura la cual ha reunido m\u00e1s de 250 inscritos que recorrieron los m\u00e1s de 13.000Km. por los municipios del Baix Ebre, Montsi\u00e0, Terra Alta o Ribera d&#8217;Ebre. Aunque quedan pocos d\u00edas para llegar a diciembre, a\u00fan hay tiempo para completar alguna etapa o de participar en muchos de los sorteos que hay como:<\/p>\n<ul>\n<li>Premio al m\u00e1s r\u00e1pido y la m\u00e1s r\u00e1pida en la ascensi\u00f3n al Mont Caro.<\/li>\n<li>Premio al autor de la mejor fotograf\u00eda del mes de noviembre que se llevar\u00e1 el maillot oficial de la Challenge de Apunt Disseny y un pack nutricional Finisher.<\/li>\n<li>Premio a la primera ciclista que complete las 7 etapas.<\/li>\n<li>Premio a sortear entre todos los que finalicen las 7 etapas.<\/li>\n<li>Premio a todos los participantes que se alojen en establecimientos del territorio y completen 4 etapas se llevar\u00e1n el maillot oficial y un pack de Finisher.<\/li>\n<li>Y para acabar, sorteo de un fin de semana en el Hotel SB Corona Tortosa entre los que cuelguen fotograf\u00edas de la edici\u00f3n con las etiquetas #cycloongterresdelebre y etiqueten @terresebre.<\/li>\n<\/ul>\n<p>As\u00ed que, si con esto a\u00fan no est\u00e1s motivado o motivada para participar en alguna de las etapas de la primera edici\u00f3n del evento&#8230; No sabemos qu\u00e9 m\u00e1s hacer para que te unas.<\/p>\n","protected":false},"excerpt":{"rendered":"<p>Con el objetivo de situar las Terres de l&#8217;Ebre en el mapa del cicloturismo, la primera edici\u00f3n de la prueba cerrar\u00e1 con m\u00e1s de 250 inscritos.<\/p>\n","protected":false},"author":320,"featured_media":75717,"comment_status":"closed","ping_status":"closed","sticky":false,"template":"","format":"standard","meta":{"_acf_changed":false,"rank_math_lock_modified_date":false,"footnotes":""},"categories":[17,19],"tags":[389,111,2063,8987,8986],"class_list":{"0":"post-76426","1":"post","2":"type-post","3":"status-publish","4":"format-standard","5":"has-post-thumbnail","7":"category-actualidad","8":"category-competiciones","9":"tag-challenge","10":"tag-ciclismo","11":"tag-cicloturismo","12":"tag-cyclo","13":"tag-terres-ebre"},"acf":[],"_links":{"self":[{"href":"https:\/\/miurltemporal.com/main/triatletasenred.sport.es\/wp-json\/wp\/v2\/posts\/76426"}],"collection":[{"href":"https:\/\/miurltemporal.com/main/triatletasenred.sport.es\/wp-json\/wp\/v2\/posts"}],"about":[{"href":"https:\/\/miurltemporal.com/main/triatletasenred.sport.es\/wp-json\/wp\/v2\/types\/post"}],"author":[{"embeddable":true,"href":"https:\/\/miurltemporal.com/main/triatletasenred.sport.es\/wp-json\/wp\/v2\/users\/320"}],"replies":[{"embeddable":true,"href":"https:\/\/miurltemporal.com/main/triatletasenred.sport.es\/wp-json\/wp\/v2\/comments?post=76426"}],"version-history":[{"count":1,"href":"https:\/\/miurltemporal.com/main/triatletasenred.sport.es\/wp-json\/wp\/v2\/posts\/76426\/revisions"}],"predecessor-version":[{"id":76427,"href":"https:\/\/miurltemporal.com/main/triatletasenred.sport.es\/wp-json\/wp\/v2\/posts\/76426\/revisions\/76427"}],"wp:featuredmedia":[{"embeddable":true,"href":"https:\/\/miurltemporal.com/main/triatletasenred.sport.es\/wp-json\/wp\/v2\/media\/75717"}],"wp:attachment":[{"href":"https:\/\/miurltemporal.com/main/triatletasenred.sport.es\/wp-json\/wp\/v2\/media?parent=76426"}],"wp:term":[{"taxonomy":"category","embeddable":true,"href":"https:\/\/miurltemporal.com/main/triatletasenred.sport.es\/wp-json\/wp\/v2\/categories?post=76426"},{"taxonomy":"post_tag","embeddable":true,"href":"https:\/\/miurltemporal.com/main/triatletasenred.sport.es\/wp-json\/wp\/v2\/tags?post=76426"}],"curies":[{"name":"wp","href":"https:\/\/api.w.org\/{rel}","templated":true}]}}