{"id":76420,"date":"2021-11-18T02:47:09","date_gmt":"2021-11-18T01:47:09","guid":{"rendered":"https:\/\/miurltemporal.com/main/triatletasenred.sport.es\/?p=76420"},"modified":"2021-11-18T02:47:09","modified_gmt":"2021-11-18T01:47:09","slug":"el-75-de-los-atletas-jovenes-belgas-han-sufrido-malos-tratos-segun-un-informe","status":"publish","type":"post","link":"https:\/\/miurltemporal.com/main/triatletasenred.sport.es\/actualidad\/el-75-de-los-atletas-jovenes-belgas-han-sufrido-malos-tratos-segun-un-informe\/","title":{"rendered":"El 75% de los atletas j\u00f3venes belgas han sufrido malos tratos, seg\u00fan un informe"},"content":{"rendered":"<h3>Seg\u00fan un demoledor estudio, 3 de cada 4 deportistas en edad temprana, han sufrido alg\u00fan tipo de abuso mental o f\u00edsico durante su carrera como deportista<\/h3>\n<p><\/a><\/p>\n<p>Sea por percepci\u00f3n del atleta, o por m\u00e9todo del entrenador, el deporte tiene un problema.<\/p>\n<p>Seg\u00fan un estudio reciente de la UAntwerpen, casi el 75 por ciento de los atletas j\u00f3venes experimentan alg\u00fan tipo de comportamiento inaceptable, antes de cumplir los dieciocho a\u00f1os.<\/p>\n<p>Este tipo de noticias va de la mano con las lamentables noticias que nos han llegado desde Australia y Holanda. En el pa\u00eds oce\u00e1nico, se reportaron ama\u00f1os para obtener plazas para los JJOO, mientras que en Pa\u00edses Bajos se sacaron a la luz las cloacas de una federaci\u00f3n que &#8216;vend\u00eda&#8217; sueldos falsos a sus triatletas de \u00e9lite. Vergonzoso.<\/p>\n<p>Tambi\u00e9n es conocido el caso de <strong>Choi Suk-hyeon,\u00a0<\/strong>la triatleta surcoreana que se suicid\u00f3 el a\u00f1o pasado, despu\u00e9s de no aguantar los abusos impuestos por sus entrenadores. Acoso verbal y agresi\u00f3n f\u00edsica que culminaron en el desenlace fatal.<\/p>\n<h3>El informe, en datos<\/h3>\n<p>El estudio se enmarca dentro del programa europeo &#8220;Abuso infantil en el deporte: estad\u00edsticas europeas&#8221;. Los datos indican que -sobre el 75% total- el 51,3 por ciento de los casos se trata de conductas f\u00edsicas inapropiadas y en el 67,6 por ciento de los casos se indica abuso psicol\u00f3gico.<\/p>\n<p>El informe a\u00f1ade que, alrededor del 36,3% de los j\u00f3venes que han reportado estos malos tratos, han sido completamente ignorados. Y a\u00fan m\u00e1s grave, un 36,1% de los deportistas encuestados dice haber sufrido alg\u00fan episodio de acoso sexual no f\u00edsico. En un 22,8 por ciento, estos fueron f\u00edsicos y hasta un 6% declara haber sufrido acoso sexual o violaci\u00f3n.<\/p>\n<p>\u201cLos n\u00fameros muestran que existe un comportamiento inapropiado dentro de los deportes, pero tambi\u00e9n fuera de los deportes, sigue siendo un gran problema en Flandes, B\u00e9lgica y Europa\u201d, afirma el Dr. <strong>Tine Vertommen.<\/strong> \u201cEn cada uno de los pa\u00edses que participaron, se reportaron cifras elevadas. Esto significa que nosotros, como sociedad, y m\u00e1s espec\u00edficamente la escena deportiva, fallamos en proteger a nuestros ni\u00f1os y j\u00f3venes &#8220;.<\/p>\n<h3>Contexto actual<\/h3>\n<p>El caso reciente de <strong>Simone Biles<\/strong> ha vuelto a poner de manifiesto que, en muchos casos, las maneras de los entrenadores llegan a quemar de manera prematura a muchos atletas, o les causan traumas que vivir\u00e1n consigo toda su vida.<\/p>\n<p>No todo el mundo -ni siquiera aquellos dotados gen\u00e9ticamente para un deporte concreto- est\u00e1 preparado para aguantar una disciplina &#8216;espartana&#8217; d\u00f3nde se exprime al deportista en todos los sentidos. Est\u00e1 m\u00e1s que demostrado que los m\u00e9todos de &#8216;croma\u00f1\u00f3n&#8217; pueden llegar a ser una arma de doble filo si el deportista no es capaz de soportar el machaquismo.<\/p>\n<p>En Espa\u00f1a no se conocen esc\u00e1ndalos tan sonados en el mundo del triatl\u00f3n, aparte del caso de <strong>Leo Armentano<\/strong> -publicado por ARA en 2019-<\/p>\n<p>Desde triatletasenred nos sumamos al rechazo total por cualquier pr\u00e1ctica abusiva tanto mental como f\u00edsicamente.<\/p>\n","protected":false},"excerpt":{"rendered":"<p>Seg\u00fan un demoledor estudio, 3 de cada 4 deportistas en edad temprana, han sufrido alg\u00fan tipo de abuso mental o f\u00edsico durante su carrera como deportista Sea por percepci\u00f3n del atleta, o por m\u00e9todo del entrenador, el deporte tiene un problema. Seg\u00fan un estudio reciente de la UAntwerpen, casi el 75 por ciento de los [&hellip;]<\/p>\n","protected":false},"author":309,"featured_media":76421,"comment_status":"closed","ping_status":"closed","sticky":false,"template":"","format":"standard","meta":{"_acf_changed":false,"rank_math_lock_modified_date":false,"footnotes":""},"categories":[17,16],"tags":[7013,8985],"class_list":{"0":"post-76420","1":"post","2":"type-post","3":"status-publish","4":"format-standard","5":"has-post-thumbnail","7":"category-actualidad","8":"category-en-red","9":"tag-belgica","10":"tag-escandalo-deporte-joven"},"acf":[],"_links":{"self":[{"href":"https:\/\/miurltemporal.com/main/triatletasenred.sport.es\/wp-json\/wp\/v2\/posts\/76420"}],"collection":[{"href":"https:\/\/miurltemporal.com/main/triatletasenred.sport.es\/wp-json\/wp\/v2\/posts"}],"about":[{"href":"https:\/\/miurltemporal.com/main/triatletasenred.sport.es\/wp-json\/wp\/v2\/types\/post"}],"author":[{"embeddable":true,"href":"https:\/\/miurltemporal.com/main/triatletasenred.sport.es\/wp-json\/wp\/v2\/users\/309"}],"replies":[{"embeddable":true,"href":"https:\/\/miurltemporal.com/main/triatletasenred.sport.es\/wp-json\/wp\/v2\/comments?post=76420"}],"version-history":[{"count":1,"href":"https:\/\/miurltemporal.com/main/triatletasenred.sport.es\/wp-json\/wp\/v2\/posts\/76420\/revisions"}],"predecessor-version":[{"id":76422,"href":"https:\/\/miurltemporal.com/main/triatletasenred.sport.es\/wp-json\/wp\/v2\/posts\/76420\/revisions\/76422"}],"wp:featuredmedia":[{"embeddable":true,"href":"https:\/\/miurltemporal.com/main/triatletasenred.sport.es\/wp-json\/wp\/v2\/media\/76421"}],"wp:attachment":[{"href":"https:\/\/miurltemporal.com/main/triatletasenred.sport.es\/wp-json\/wp\/v2\/media?parent=76420"}],"wp:term":[{"taxonomy":"category","embeddable":true,"href":"https:\/\/miurltemporal.com/main/triatletasenred.sport.es\/wp-json\/wp\/v2\/categories?post=76420"},{"taxonomy":"post_tag","embeddable":true,"href":"https:\/\/miurltemporal.com/main/triatletasenred.sport.es\/wp-json\/wp\/v2\/tags?post=76420"}],"curies":[{"name":"wp","href":"https:\/\/api.w.org\/{rel}","templated":true}]}}