{"id":76406,"date":"2021-11-17T07:00:16","date_gmt":"2021-11-17T06:00:16","guid":{"rendered":"https:\/\/miurltemporal.com/main/triatletasenred.sport.es\/?p=76406"},"modified":"2021-11-17T08:06:42","modified_gmt":"2021-11-17T07:06:42","slug":"rait-ratasepp-en-racha-de-records-mundiales-con-42-ironmans-en-menos-de-11h","status":"publish","type":"post","link":"https:\/\/miurltemporal.com/main/triatletasenred.sport.es\/actualidad\/rait-ratasepp-en-racha-de-records-mundiales-con-42-ironmans-en-menos-de-11h\/","title":{"rendered":"Rait Ratasepp EN RACHA de r\u00e9cords mundiales con 42 IRONMANS en menos de 11h"},"content":{"rendered":"<h3>El triatleta estoniano en su intento de lograr ser el m\u00e1s r\u00e1pido de la historia en encadenar 60 <em>full distance<\/em> en 60 d\u00edas, ha rebajado un r\u00e9cord en m\u00e1s de 80 horas<\/h3>\n<p><\/a><\/p>\n<p>Si hay un ultratriatleta por excelencia, puede ser que pensemos en <strong>Iron Cowboy.<\/strong> Sin embargo, y despu\u00e9s de conocer -si a\u00fan no lo hac\u00edais- a <strong>Rait,<\/strong> estamos seguros que el americano quedar\u00e1 s\u00f3lo como un aficionado al lado del estoniano.<\/p>\n<p>No s\u00f3lo complet\u00f3 20 ultramans seguidos en 2018, sino que al a\u00f1o siguiente, dobl\u00f3 y complet\u00f3 la apuesta. Dos a\u00f1os despu\u00e9s, vuelve a la carga.<\/p>\n<p>Y es que camino de su \u00faltimo gran reto, <strong>Ratasepp<\/strong> ha logrado batir el r\u00e9cord del mundo de 41 LD seguidos por m\u00e1s de 82 horas, con 451:01:06<\/p>\n<p>Adem\u00e1s, y en motivo de la celebraci\u00f3n del r\u00e9cord, Ratasepp ha completado su IRONMAN m\u00e1s r\u00e1pido, con la friolera de 10:28:07 en el que ha sido su 41\u00ba d\u00eda seguido nadando los 3,8km, pedaleando durante 180km y rematando con los 42k de la marat\u00f3n.<\/p>\n<p>Todo ello, dado que se trata de un excelente atleta a pie, con marcas de 32:50 para el 10k y 2:30:22 en marat\u00f3n. Curiosamente, su PB en IRONMAN se queda justo por encima de las 9 horas, con un 9:05 conseguido en IM Tallinn 2020.<\/p>\n<p>El reto de <strong>Rait<\/strong> se diferencia del resto de &#8216;ultra intentonas&#8217; por el hecho de que \u00e9l mismo es el que se avitualla, no hace drafting de ning\u00fan tipo y no recibe ayudas externas. Adem\u00e1s completa siempre las carreras con un tiempo espectacular dada la magnitud de la gesta.<\/p>\n<p>Para m\u00e1s <em>inri,<\/em> durante su 20\u00ba LD seguido, <b>Ratasepp<\/b> fue atropellado por un coche mientras se encontraba en medio reto. Asimismo, durante una semana, ha tenido que pedalar con una bici prestada -ya que la suya estaba destrozada-, por lo que la media de su tiempo se ha visto afectada en m\u00e1s de 45 minutos.<\/p>\n<h3>El equipo tras Rait<\/h3>\n<p>Para lograr todo ello, el triatleta cuenta con un equipo de 50 personas que le asisten a lo largo de los dos meses en los que se desarrolla el reto.<\/p>\n<p>Sus retos, que de momento est\u00e1 cumpliendo al dedillo, son los siguientes:<\/p>\n<ul>\n<li>Completar todos los triatlones en menos de 12 horas. Eso implica adaptarse a cualquier imprevisto que pueda surgir<\/li>\n<li>Correr en todas las maratones<\/li>\n<li>La media de todas las pruebas est\u00e9 por debajo de 11 horas<\/li>\n<\/ul>\n<h3>Tabla de tiempos<\/h3>\n<p>Estos han sido los tiempos para sus 42 LD hasta el momento:<\/p>\n<p>Dia 1: 10:34:12;<br \/>\nDia 2: 10:43:25;<br \/>\nDia 3: 10:55:46;<br \/>\nDia 4: 11:19:02;<br \/>\nDia 5: 11:25:34;<br \/>\nDia 6: 11:04:17;<br \/>\nDia 7: 10:50:37;<br \/>\nDia 8: 10:44:55;<br \/>\nDia 9: 10:39:18;<br \/>\nDia 10: 10:49:57;<br \/>\nDia 11: 10:30:51;<br \/>\nDia 12: 10:42:23;<br \/>\nDia 13: 10:46:13.<br \/>\nDia 14: 14:20:09 (acidente con coche);<br \/>\nDia 15: 11:56:12 (bici alquilada);<br \/>\nDia 16: 12:24:59 (bici alquilada);<br \/>\nDia 17: 11:28:37 (bici alquilada);<br \/>\nDia 18: 11:24:10 (bici alquilada);<br \/>\nDia 19: 11:25:57 (bici alquilada);<br \/>\nDia 20: 11:21:34 (bici alquilada);<br \/>\nDia 21: 11:14:24 (bici alquilada);<br \/>\nDia 22: 10:47:51;<br \/>\nDia 23: 10:56:27;<br \/>\nDia 24: 10:40:02;<br \/>\nDia 25: 10:54:10;<br \/>\nDia 26: 10:39:52;<br \/>\nDia 27: 10:43:46;<br \/>\nDia 28: 10:34:43;<br \/>\nDia 29: 10:45:19;<br \/>\nDia 30: 10:42:30;<br \/>\nDia 31: 10:44:55;<br \/>\nDia 32: 10:42:22;<br \/>\nDia 33: 10:49:19;<br \/>\nDia 34: 10:51:06;<br \/>\nDia 35: 10:43:24;<br \/>\nDia 36: 10:44:14;<br \/>\nDia 37: 10:38:05;<br \/>\nDia 38: 10:34:51;<br \/>\nDia 39: 10:32:09;<br \/>\nDia 40: 10:45:22;<br \/>\n<strong>Dia 41: 10:28:07;<\/strong><br \/>\nDia 42: 10:52:14.<\/p>\n<p>&nbsp;<\/p>\n","protected":false},"excerpt":{"rendered":"<p>El triatleta estoniano en su intento de lograr ser el m\u00e1s r\u00e1pido de la historia en encadenar 60 full distance en 60 d\u00edas, ha rebajado un r\u00e9cord en m\u00e1s de 80 horas Si hay un ultratriatleta por excelencia, puede ser que pensemos en Iron Cowboy. Sin embargo, y despu\u00e9s de conocer -si a\u00fan no lo [&hellip;]<\/p>\n","protected":false},"author":309,"featured_media":76407,"comment_status":"closed","ping_status":"closed","sticky":false,"template":"","format":"standard","meta":{"_acf_changed":false,"rank_math_lock_modified_date":false,"footnotes":""},"categories":[17],"tags":[8978,8979],"class_list":{"0":"post-76406","1":"post","2":"type-post","3":"status-publish","4":"format-standard","5":"has-post-thumbnail","7":"category-actualidad","8":"tag-rait-ratasepp","9":"tag-record-ironman"},"acf":[],"_links":{"self":[{"href":"https:\/\/miurltemporal.com/main/triatletasenred.sport.es\/wp-json\/wp\/v2\/posts\/76406"}],"collection":[{"href":"https:\/\/miurltemporal.com/main/triatletasenred.sport.es\/wp-json\/wp\/v2\/posts"}],"about":[{"href":"https:\/\/miurltemporal.com/main/triatletasenred.sport.es\/wp-json\/wp\/v2\/types\/post"}],"author":[{"embeddable":true,"href":"https:\/\/miurltemporal.com/main/triatletasenred.sport.es\/wp-json\/wp\/v2\/users\/309"}],"replies":[{"embeddable":true,"href":"https:\/\/miurltemporal.com/main/triatletasenred.sport.es\/wp-json\/wp\/v2\/comments?post=76406"}],"version-history":[{"count":1,"href":"https:\/\/miurltemporal.com/main/triatletasenred.sport.es\/wp-json\/wp\/v2\/posts\/76406\/revisions"}],"predecessor-version":[{"id":76408,"href":"https:\/\/miurltemporal.com/main/triatletasenred.sport.es\/wp-json\/wp\/v2\/posts\/76406\/revisions\/76408"}],"wp:featuredmedia":[{"embeddable":true,"href":"https:\/\/miurltemporal.com/main/triatletasenred.sport.es\/wp-json\/wp\/v2\/media\/76407"}],"wp:attachment":[{"href":"https:\/\/miurltemporal.com/main/triatletasenred.sport.es\/wp-json\/wp\/v2\/media?parent=76406"}],"wp:term":[{"taxonomy":"category","embeddable":true,"href":"https:\/\/miurltemporal.com/main/triatletasenred.sport.es\/wp-json\/wp\/v2\/categories?post=76406"},{"taxonomy":"post_tag","embeddable":true,"href":"https:\/\/miurltemporal.com/main/triatletasenred.sport.es\/wp-json\/wp\/v2\/tags?post=76406"}],"curies":[{"name":"wp","href":"https:\/\/api.w.org\/{rel}","templated":true}]}}