{"id":76402,"date":"2021-11-16T20:33:49","date_gmt":"2021-11-16T19:33:49","guid":{"rendered":"https:\/\/miurltemporal.com/main/triatletasenred.sport.es\/?p=76402"},"modified":"2021-11-17T08:17:59","modified_gmt":"2021-11-17T07:17:59","slug":"maraton-vias-verdes-2022-incscripciones","status":"publish","type":"post","link":"https:\/\/miurltemporal.com/main/triatletasenred.sport.es\/actualidad\/maraton-vias-verdes-2022-incscripciones\/","title":{"rendered":"Inscripciones abiertas para la Marat\u00f3n V\u00edas Verdes de 2022"},"content":{"rendered":"<h4><em><strong>La nueva edici\u00f3n se celebrar\u00e1 el fin de semana del 12 y 13 de marzo de 2022 y tendr\u00e1 las novedades de dos carreras inclusivas: una para ni\u00f1os y ni\u00f1as; y otra para adultos gracias al apoyo de la Asociaci\u00f3n Multicapacitats.<\/strong><\/em><\/h4>\n<p><img fetchpriority=\"high\" decoding=\"async\" class=\"alignnone size-full wp-image-76155\" src=\"https:\/\/miurltemporal.com/main/triatletasenred.sport.es\/wp-content\/uploads\/INVERSE-700x150px.jpg\" alt=\"\" width=\"700\" height=\"150\" srcset=\"https:\/\/miurltemporal.com/main/triatletasenred.sport.es\/wp-content\/uploads\/INVERSE-700x150px.jpg 700w, https:\/\/miurltemporal.com/main/triatletasenred.sport.es\/wp-content\/uploads\/INVERSE-700x150px-300x64.jpg 300w, https:\/\/miurltemporal.com/main/triatletasenred.sport.es\/wp-content\/uploads\/INVERSE-700x150px-696x150.jpg 696w\" sizes=\"(max-width: 700px) 100vw, 700px\" \/><\/p>\n<p>Despu\u00e9s de que la prueba se ausentara a causa de las restricciones de la pandemia, el a\u00f1o que viene vuelve con una edici\u00f3n que contar\u00e1 con cuatro modalidades y muchas novedades.<\/p>\n<ul>\n<li>10km: Salida en Santa Cristina d&#8217;Aro a las 9 de la ma\u00f1ana del domingo.<\/li>\n<li>21Km: Salida en Llagostera a las 7:45 de la ma\u00f1ana del domingo.<\/li>\n<li>30Km: Salida en Cass\u00e0 de la Selva a las 7:30 de la ma\u00f1ana del domingo.<\/li>\n<li>42Km: Salida en Girona a las 7:15 de la ma\u00f1ana del domingo.<\/li>\n<\/ul>\n<p>Adem\u00e1s, el d\u00eda antes en Platja d&#8217;Aro a partir de las 6 de la tarde se dar\u00e1 el pistoletazo de salida con las pruebas para los m\u00e1s &#8216;peques&#8217; de la casa:<\/p>\n<ul>\n<li>MVV Kids Papis+Cochecitos (Nacidos entre 2021-2022).<\/li>\n<li>MVV Kids (Nacidos entre 2018-2020).<\/li>\n<li>MVV Kids (Nacidos entre 2015-2017).<\/li>\n<li>MVV Kids (Nacidos entre 2012-2014).<\/li>\n<li>MVV Kids (Nacidos entre 2008-2011).<\/li>\n<\/ul>\n<p>Como novedad para el a\u00f1o que viene, la 9\u00aa edici\u00f3n del Marat\u00f3n V\u00edas Verdes-Ruta del Carrilet presenta dos carreras con el objetivo de la inclusi\u00f3n social gracias al apoyo y la colaboraci\u00f3n de la Asociaci\u00f3n Multicapacitats:<\/p>\n<ul>\n<li>El s\u00e1bado tendr\u00e1 lugar la carrera destinada a los ni\u00f1os y ni\u00f1as: la &#8216;Kids Multicapacitats&#8217;.<\/li>\n<li>Y el domingo, la prueba para los adultos donde correr\u00e1n un recorrido de entre 1 y 2Km.<\/li>\n<\/ul>\n<p>[embedyt] https:\/\/www.youtube.com\/watch?v=DNa-H-D2Uh0[\/embedyt]<\/p>\n<p>&nbsp;<\/p>\n<p>&nbsp;<\/p>\n<p>&nbsp;<\/p>\n","protected":false},"excerpt":{"rendered":"<p>La nueva edici\u00f3n se celebrar\u00e1 el fin de semana del 12 y 13 de marzo de 2022 y tendr\u00e1 las novedades de dos carreras inclusivas.<\/p>\n","protected":false},"author":320,"featured_media":76403,"comment_status":"closed","ping_status":"closed","sticky":false,"template":"","format":"standard","meta":{"_acf_changed":false,"rank_math_lock_modified_date":false,"footnotes":""},"categories":[17,19,1192],"tags":[3758,284,6666,138],"class_list":{"0":"post-76402","1":"post","2":"type-post","3":"status-publish","4":"format-standard","5":"has-post-thumbnail","7":"category-actualidad","8":"category-competiciones","9":"category-running","10":"tag-girona","11":"tag-maraton","12":"tag-maraton-vias-verdes","13":"tag-running"},"acf":[],"_links":{"self":[{"href":"https:\/\/miurltemporal.com/main/triatletasenred.sport.es\/wp-json\/wp\/v2\/posts\/76402"}],"collection":[{"href":"https:\/\/miurltemporal.com/main/triatletasenred.sport.es\/wp-json\/wp\/v2\/posts"}],"about":[{"href":"https:\/\/miurltemporal.com/main/triatletasenred.sport.es\/wp-json\/wp\/v2\/types\/post"}],"author":[{"embeddable":true,"href":"https:\/\/miurltemporal.com/main/triatletasenred.sport.es\/wp-json\/wp\/v2\/users\/320"}],"replies":[{"embeddable":true,"href":"https:\/\/miurltemporal.com/main/triatletasenred.sport.es\/wp-json\/wp\/v2\/comments?post=76402"}],"version-history":[{"count":3,"href":"https:\/\/miurltemporal.com/main/triatletasenred.sport.es\/wp-json\/wp\/v2\/posts\/76402\/revisions"}],"predecessor-version":[{"id":76409,"href":"https:\/\/miurltemporal.com/main/triatletasenred.sport.es\/wp-json\/wp\/v2\/posts\/76402\/revisions\/76409"}],"wp:featuredmedia":[{"embeddable":true,"href":"https:\/\/miurltemporal.com/main/triatletasenred.sport.es\/wp-json\/wp\/v2\/media\/76403"}],"wp:attachment":[{"href":"https:\/\/miurltemporal.com/main/triatletasenred.sport.es\/wp-json\/wp\/v2\/media?parent=76402"}],"wp:term":[{"taxonomy":"category","embeddable":true,"href":"https:\/\/miurltemporal.com/main/triatletasenred.sport.es\/wp-json\/wp\/v2\/categories?post=76402"},{"taxonomy":"post_tag","embeddable":true,"href":"https:\/\/miurltemporal.com/main/triatletasenred.sport.es\/wp-json\/wp\/v2\/tags?post=76402"}],"curies":[{"name":"wp","href":"https:\/\/api.w.org\/{rel}","templated":true}]}}