{"id":76275,"date":"2021-11-06T20:01:53","date_gmt":"2021-11-06T19:01:53","guid":{"rendered":"https:\/\/miurltemporal.com/main/triatletasenred.sport.es\/?p=76275"},"modified":"2021-11-06T20:01:53","modified_gmt":"2021-11-06T19:01:53","slug":"joan-waeger-subcampeon-del-mundo-sub-23-de-duatlon-en-aviles","status":"publish","type":"post","link":"https:\/\/miurltemporal.com/main/triatletasenred.sport.es\/actualidad\/joan-waeger-subcampeon-del-mundo-sub-23-de-duatlon-en-aviles\/","title":{"rendered":"Joan W\u00e6ger SUBCAMPE\u00d3N del Mundo Sub-23 de Duatl\u00f3n en Avil\u00e9s"},"content":{"rendered":"<h3>El triatleta del Trikideak logra su mejor resultado como internacional, en una prueba d\u00f3nde Marina Mu\u00f1oz ha sido 3\u00aa sub 23 y Emilio Mart\u00edn el mejor elite<\/h3>\n<p><a href=\"https:\/\/www.canyon.com\/es-es\/road-bikes\/triathlon-bikes\/speedmax\/cf\/?utm_medium=special-interest-online&amp;utm_source=triatletasenred&amp;utm_campaign=c0620-bike_push_speedmaxcf\" rel=\"nofollow noopener\" target=\"_blank\"><img fetchpriority=\"high\" decoding=\"async\" class=\"aligncenter size-full wp-image-74946\" src=\"https:\/\/miurltemporal.com/main/triatletasenred.sport.es\/wp-content\/uploads\/bannerCanyon_750.gif\" alt=\"\" width=\"700\" height=\"150\" \/><\/a><\/p>\n<p>Avil\u00e9s no ha defraudado, con una carrera rapid\u00edsima desde el primer kil\u00f3metro, y d\u00f3nde el formato ol\u00edmpico ha sido el encargado de decidir qui\u00e9n se llevaba el t\u00edtulo mundial.<\/p>\n<p>El primer 10k dejaba a los de cabeza con un 10,4k en 31:48 (a 3:03\/km), seleccionando el grupo de cabeza a 8 duatletas, con <strong>Urko Herr\u00e1n<\/strong> situado en el grupo perseguidor, mientras que <strong>Emilio Mart\u00edn<\/strong> y\u00a0<strong>Joan W\u00e6ger<\/strong> corr\u00edan en un tercer grupo.<\/p>\n<p>Los 8 de cabeza van abriendo diferencias a medida que avanzan los kil\u00f3metros, aunque se especulaba al principio con una posible formaci\u00f3n de un \u00fanico grupo en cabeza.<\/p>\n<p>Sin embargo, los l\u00edderes empiezan a entenderse para aumentar el hueco sobre un gran pelot\u00f3n perseguidor d\u00f3nde circulaban los 4 espa\u00f1oles.<\/p>\n<p>Finalmente el 5k final es el que marca el desenlace, con los deportistas corriendo totalmente destruidos por la intensidad del primer sector.<\/p>\n<p class=\"single-post-title\"><strong><span class=\"post-title\">Nathan Guerbeur <\/span><\/strong><span class=\"post-title\">terminar\u00eda por llevarse el triunfo al sprint, con un tiempo de 1:45:28, por delante de su compa\u00f1ero de selecci\u00f3n <strong>Maxime Hueber-Moosbrugger<\/strong> y el belga <strong>Arnaud Dely\u00a0<\/strong>a s\u00f3lo 6 segundos de <strong>Guerbeur.<\/strong><\/span><\/p>\n<p><strong>Emilio Mart\u00edn<\/strong> recoge &#8216;cad\u00e1veres&#8217; para entrar en 8\u00aa plaza, mientras que <strong>W\u00e6ger\u00a0<\/strong>es 12\u00ba.<\/p>\n<h3>Categor\u00eda femenina<\/h3>\n<p>En categor\u00eda femenina, triunfo para la venezolana <strong>Joselyn Brea<\/strong> marcando<strong> 2:00:19,<\/strong> con<strong>\u00a0Ai Ueda<\/strong> en la segunda plaza a 11 segundos, mientras que la francesa <strong>Marion Lagrand <\/strong>completar\u00eda el podio a otros 22 segundos.<\/p>\n<p><strong>Mar\u00eda Varo<\/strong> es 7\u00aa como mejor espa\u00f1ola, con <strong>Xisca Tous<\/strong> dentro del top 10.<\/p>\n<p><strong>Noelia Juan<\/strong> y <strong>Sonia Bejarano<\/strong> son 11\u00aa y 12\u00aa respectivamente y <strong>Marina Mu\u00f1oz<\/strong> entra en 18\u00aa plaza, llev\u00e1ndose el bronce sub 23.<\/p>\n","protected":false},"excerpt":{"rendered":"<p>El triatleta del Trikideak logra su mejor resultado como internacional, en una prueba d\u00f3nde Marina Mu\u00f1oz ha sido 3\u00aa sub 23 y Emilio Mart\u00edn el mejor elite Avil\u00e9s no ha defraudado, con una carrera rapid\u00edsima desde el primer kil\u00f3metro, y d\u00f3nde el formato ol\u00edmpico ha sido el encargado de decidir qui\u00e9n se llevaba el t\u00edtulo [&hellip;]<\/p>\n","protected":false},"author":309,"featured_media":76276,"comment_status":"closed","ping_status":"closed","sticky":false,"template":"","format":"standard","meta":{"_acf_changed":false,"rank_math_lock_modified_date":false,"footnotes":""},"categories":[17,19],"tags":[2562,8956,5617,7150],"class_list":{"0":"post-76275","1":"post","2":"type-post","3":"status-publish","4":"format-standard","5":"has-post-thumbnail","7":"category-actualidad","8":"category-competiciones","9":"tag-emilio-martin","10":"tag-joan-wager","11":"tag-joselyn-brea","12":"tag-noelia-juan"},"acf":[],"_links":{"self":[{"href":"https:\/\/miurltemporal.com/main/triatletasenred.sport.es\/wp-json\/wp\/v2\/posts\/76275"}],"collection":[{"href":"https:\/\/miurltemporal.com/main/triatletasenred.sport.es\/wp-json\/wp\/v2\/posts"}],"about":[{"href":"https:\/\/miurltemporal.com/main/triatletasenred.sport.es\/wp-json\/wp\/v2\/types\/post"}],"author":[{"embeddable":true,"href":"https:\/\/miurltemporal.com/main/triatletasenred.sport.es\/wp-json\/wp\/v2\/users\/309"}],"replies":[{"embeddable":true,"href":"https:\/\/miurltemporal.com/main/triatletasenred.sport.es\/wp-json\/wp\/v2\/comments?post=76275"}],"version-history":[{"count":1,"href":"https:\/\/miurltemporal.com/main/triatletasenred.sport.es\/wp-json\/wp\/v2\/posts\/76275\/revisions"}],"predecessor-version":[{"id":76277,"href":"https:\/\/miurltemporal.com/main/triatletasenred.sport.es\/wp-json\/wp\/v2\/posts\/76275\/revisions\/76277"}],"wp:featuredmedia":[{"embeddable":true,"href":"https:\/\/miurltemporal.com/main/triatletasenred.sport.es\/wp-json\/wp\/v2\/media\/76276"}],"wp:attachment":[{"href":"https:\/\/miurltemporal.com/main/triatletasenred.sport.es\/wp-json\/wp\/v2\/media?parent=76275"}],"wp:term":[{"taxonomy":"category","embeddable":true,"href":"https:\/\/miurltemporal.com/main/triatletasenred.sport.es\/wp-json\/wp\/v2\/categories?post=76275"},{"taxonomy":"post_tag","embeddable":true,"href":"https:\/\/miurltemporal.com/main/triatletasenred.sport.es\/wp-json\/wp\/v2\/tags?post=76275"}],"curies":[{"name":"wp","href":"https:\/\/api.w.org\/{rel}","templated":true}]}}