{"id":76188,"date":"2021-11-01T14:29:08","date_gmt":"2021-11-01T13:29:08","guid":{"rendered":"https:\/\/miurltemporal.com/main/triatletasenred.sport.es\/?p=76188"},"modified":"2021-11-12T13:31:17","modified_gmt":"2021-11-12T12:31:17","slug":"inverse-nueva-coleccion","status":"publish","type":"post","link":"https:\/\/miurltemporal.com/main/triatletasenred.sport.es\/actualidad\/inverse-nueva-coleccion\/","title":{"rendered":"Inverse presenta su nueva colecci\u00f3n de invierno"},"content":{"rendered":"<p><em><strong>La marca de ropa ciclista Inverse lanza su nueva colecci\u00f3n de ropa de invierno para esta nueva temporada<\/strong><\/em><\/p>\n<p><img fetchpriority=\"high\" decoding=\"async\" class=\"alignnone size-full wp-image-76155\" src=\"https:\/\/miurltemporal.com/main/triatletasenred.sport.es\/wp-content\/uploads\/INVERSE-700x150px.jpg\" alt=\"\" width=\"700\" height=\"150\" srcset=\"https:\/\/miurltemporal.com/main/triatletasenred.sport.es\/wp-content\/uploads\/INVERSE-700x150px.jpg 700w, https:\/\/miurltemporal.com/main/triatletasenred.sport.es\/wp-content\/uploads\/INVERSE-700x150px-300x64.jpg 300w, https:\/\/miurltemporal.com/main/triatletasenred.sport.es\/wp-content\/uploads\/INVERSE-700x150px-696x150.jpg 696w\" sizes=\"(max-width: 700px) 100vw, 700px\" \/><\/p>\n<p>Todo aquel que sea <strong>amante del ciclismo conoce<\/strong>, por muy poco que sea, la marca <strong>Inverse<\/strong>. Muchos de ellos visten, han vestido o seguramente que lo har\u00e1n con alguna de las prendas que ofrecen.<\/p>\n<p>Con el <strong>invierno<\/strong> asom\u00e1ndose y con el cambio de temperaturas presente, no hay que preocuparse. La marca de referencia de la ropa ciclista llega con fuerza con el lanzamiento de su nueva colecci\u00f3n de ropa de invierno para esta temporada.<\/p>\n<p>Adem\u00e1s de la calidad del tejido de las prendas, <strong>Inverse se ha centrado en la realizaci\u00f3n de dise\u00f1os muy atractivos<\/strong> entre los que destacan los de las chaquetas, maillots o pantalones. Este a\u00f1o, la c\u00e9lebre marca ofrece una serie de productos ba\u00f1ados en las siguientes combinaciones crom\u00e1ticas: se apuesta por un conjunto negro en su total, otro que ofrece matices de amarillo fusionado con un gris perla; otro conjunto en azul y un grip m\u00e1s suave que el anterior; y un \u00faltimo donde el rojo y el negro copan todo el protagonismo. La marca, tambi\u00e9n, ha apostado por un dise\u00f1o rompedor en sus chaquetas donde se puede observar una cenefa colorida y vistosa. Adem\u00e1s, se puede observar que el logotipo Inverse aparece en la manga izquierda de todos los maillots; concretamente en la mu\u00f1eca. Mientras que el isotipo est\u00e1 en el pecho.<\/p>\n<p>Seguro que muchos de los atletas que la marca patrocina est\u00e1n ansiosos para practicar su modalidad con el numeroso abanico de productes que ofrece. Alguno de ellos son: Laura G\u00f3mez, Victor del Corral, Dol\u00e7a Olle, Judith Corach\u00e1n&#8230;. o la Selecci\u00f3n Espa\u00f1ola de Ciclisme en su conjunto.<\/p>\n<p>Como siempre, la marca en esta nueva era <strong>BETRUE<\/strong>, apuesta por la calidad de sus tejidos as\u00ed como en los acabados para ofrecer al deportista la mejor ropa posible. Nuevos maillots de manga larga, nuevas chaquetas y nuevos culottes largos tanto para hombre como para mujer con un exclusivo -10% de descuento con el c\u00f3digo <strong>BETRUE2021<\/strong>.<\/p>\n<p>[embedyt] https:\/\/www.youtube.com\/watch?v=q16fIQXVogk[\/embedyt]<\/p>\n","protected":false},"excerpt":{"rendered":"<p>La marca de ropa ciclista Inverse lanza su nueva colecci\u00f3n de ropa de invierno para esta nueva temporada<\/p>\n","protected":false},"author":320,"featured_media":76349,"comment_status":"closed","ping_status":"closed","sticky":false,"template":"","format":"standard","meta":{"_acf_changed":false,"rank_math_lock_modified_date":false,"footnotes":""},"categories":[17,1193],"tags":[111,2056,138,24],"class_list":{"0":"post-76188","1":"post","2":"type-post","3":"status-publish","4":"format-standard","5":"has-post-thumbnail","7":"category-actualidad","8":"category-travesias-mar-abierto","9":"tag-ciclismo","10":"tag-inverse","11":"tag-running","12":"tag-triatlon"},"acf":[],"_links":{"self":[{"href":"https:\/\/miurltemporal.com/main/triatletasenred.sport.es\/wp-json\/wp\/v2\/posts\/76188"}],"collection":[{"href":"https:\/\/miurltemporal.com/main/triatletasenred.sport.es\/wp-json\/wp\/v2\/posts"}],"about":[{"href":"https:\/\/miurltemporal.com/main/triatletasenred.sport.es\/wp-json\/wp\/v2\/types\/post"}],"author":[{"embeddable":true,"href":"https:\/\/miurltemporal.com/main/triatletasenred.sport.es\/wp-json\/wp\/v2\/users\/320"}],"replies":[{"embeddable":true,"href":"https:\/\/miurltemporal.com/main/triatletasenred.sport.es\/wp-json\/wp\/v2\/comments?post=76188"}],"version-history":[{"count":4,"href":"https:\/\/miurltemporal.com/main/triatletasenred.sport.es\/wp-json\/wp\/v2\/posts\/76188\/revisions"}],"predecessor-version":[{"id":76347,"href":"https:\/\/miurltemporal.com/main/triatletasenred.sport.es\/wp-json\/wp\/v2\/posts\/76188\/revisions\/76347"}],"wp:featuredmedia":[{"embeddable":true,"href":"https:\/\/miurltemporal.com/main/triatletasenred.sport.es\/wp-json\/wp\/v2\/media\/76349"}],"wp:attachment":[{"href":"https:\/\/miurltemporal.com/main/triatletasenred.sport.es\/wp-json\/wp\/v2\/media?parent=76188"}],"wp:term":[{"taxonomy":"category","embeddable":true,"href":"https:\/\/miurltemporal.com/main/triatletasenred.sport.es\/wp-json\/wp\/v2\/categories?post=76188"},{"taxonomy":"post_tag","embeddable":true,"href":"https:\/\/miurltemporal.com/main/triatletasenred.sport.es\/wp-json\/wp\/v2\/tags?post=76188"}],"curies":[{"name":"wp","href":"https:\/\/api.w.org\/{rel}","templated":true}]}}