{"id":7603,"date":"2013-01-15T05:30:40","date_gmt":"2013-01-15T05:30:40","guid":{"rendered":"http:\/\/triatletasenred.com\/?p=7603"},"modified":"2013-02-07T09:36:04","modified_gmt":"2013-02-07T09:36:04","slug":"entrevistamos-a-ricardo-abad-en-su-reto-de-completar-52-im-en-un-ano","status":"publish","type":"post","link":"https:\/\/miurltemporal.com/main/triatletasenred.sport.es\/entrevistas-triatlon\/entrevistamos-a-ricardo-abad-en-su-reto-de-completar-52-im-en-un-ano\/","title":{"rendered":"Entrevistamos a Ricardo Abad en su reto de completar 52 IM en un a\u00f1o"},"content":{"rendered":"<h5 style=\"text-align: justify;\">Una vez realizados ya 2 IM de los 52 que se ha propuesto realizar para este a\u00f1o, en triATLETASenred hemos tenido la posibilidad de entrevistar a Ricardo a trav\u00e9s de nuestro colaborador Pablo Bosch.<\/h5>\n<p style=\"text-align: justify;\">Despu\u00e9s de tantos a\u00f1os en pruebas de ultra resistencia, \u00bfc\u00f3mo se puede preparar un reto tan complejo como el de completar 52 IronMan en 52 semanas?<\/p>\n<p style=\"text-align: justify;\"><strong><em>El reto surgi\u00f3 de casualidad, el pasado verano prepare un Ironman que al final fueron dos y me atrajo mucho. As\u00ed que decid\u00ed embarcarme en este dif\u00edcil reto.<\/em><\/strong><\/p>\n<p style=\"text-align: justify;\">\u00bfC\u00f3mo llegas mental y f\u00edsicamente a este reto de tan larga duraci\u00f3n?<\/p>\n<p style=\"text-align: justify;\"><strong><em>F\u00edsicamente llego bastante bien y mentalmente muy motivado y con muchas ganas<\/em><\/strong><\/p>\n<p style=\"text-align: justify;\"><img fetchpriority=\"high\" decoding=\"async\" class=\"alignleft\" title=\"Ricardo run\" src=\"http:\/\/2.bp.blogspot.com\/-kyFwJsMP3j0\/UO2gpdRQRGI\/AAAAAAAAUcE\/XHMdb-m9Skk\/s1600\/20130108_163739.jpg\" alt=\"\" width=\"288\" height=\"216\" \/>Ya estamos en enero, y tu reto ha empezado a rodar. \u00bfCu\u00e1les son tus primeras sensaciones?<\/p>\n<p style=\"text-align: justify;\"><strong><em>Ya he completado los dos primeros y las sensaciones han sido buenas, estoy haciendo unos tiempos bastante aceptables para el tiempo que se pierde en las transiciones durante el invierno.<\/em><\/strong><\/p>\n<p style=\"text-align: justify;\">Hasta 2005 fuiste ciclista de larga distancia. Lo dejaste para empezar a correr y ahora has vuelto y has a\u00f1adido la nataci\u00f3n. \u00bfQu\u00e9 te ha llevado a recuperar la bicicleta y a incorporar la nataci\u00f3n a tus retos?<\/p>\n<p style=\"text-align: justify;\"><strong><em>As\u00ed es, cuando estaba terminando con el reto de los encadenar Maratones la pasada primavera pens\u00e9 en retomar la bici de cara hacer alg\u00fan reto combinado, as\u00ed que prepare en tan solo quince d\u00edas un duatl\u00f3n con la Quebrantahuesos. Despu\u00e9s de ver que aun ten\u00eda un nivel aceptable en bici despu\u00e9s de siete a\u00f1os sin montar decid\u00ed apuntarme a la piscina y preparar mi primer Ironman.<\/em><\/strong><\/p>\n<p style=\"text-align: justify;\"><strong><em>Los comienzos fueron muy dif\u00edciles, cuando comenc\u00e9 con la bici parec\u00eda que hab\u00eda olvidado correr, me dol\u00eda todo, ingles, caderas, etc\u2026 Era incapaz de correr sin fuertes molestias. Si algo me atra\u00eda de este deporte era ser capaz de llegar a dominar mi cuerpo y adaptarlo a las tres disciplinas.<\/em><\/strong><\/p>\n<p style=\"text-align: justify;\">A este desaf\u00edo le has llamado 52IM, \u00bfde d\u00f3nde sacaste la idea de llevar a cabo este reto? \u00bfHas tenido alguna dificultad, dada la situaci\u00f3n econ\u00f3mica en la que vivimos, para encontrar sponsors que te ayuden a financiar el proyecto?<\/p>\n<p style=\"text-align: justify;\"><strong><em>La idea surgi\u00f3 de tras completar dos IM en tres semanas y ver que recuperaba muy bien decid\u00ed ponerme a trabajar en este proyecto.<\/em><\/strong><\/p>\n<p style=\"text-align: justify;\"><strong><em>En estos tiempos que correr no es f\u00e1cil buscar medios y apoyos, tengo el apoyo del material necesario de parte de MMR BIKES, Medilast y Comercial Zebra. Pero econ\u00f3micamente parto de cero. Este reto seria mucho m\u00e1s bonito y un s\u00faper reto con alg\u00fan apoyo econ\u00f3mico que me permitir\u00eda hacer muchas pruebas oficiales. <\/em><\/strong><\/p>\n<p style=\"text-align: justify;\"><strong><em>Estoy intentando buscar apoyos econ\u00f3micos para poder disputar varias pruebas.<\/em><\/strong><\/p>\n<p style=\"text-align: justify;\"><img decoding=\"async\" class=\"alignright\" title=\"Ricardo bike\" src=\"http:\/\/3.bp.blogspot.com\/-zjvKSrcr5nw\/UOYDKjRRwVI\/AAAAAAAAUV8\/U3TyUB2hol8\/s1600\/P1060436.JPG\" alt=\"\" width=\"288\" height=\"216\" \/>Fuiste nominado al Premio Pr\u00edncipe de Asturias en 2009, \u00bfqu\u00e9 supuso esta nominaci\u00f3n en tu lucha por superarte d\u00eda a d\u00eda?<\/p>\n<p style=\"text-align: justify;\"><strong><em>Fui nominado en 2009 y otra vez este pasado a\u00f1o 2012. Fue un bonito premio que aceptaran la candidatura y una recompensa a tantas horas de esfuerzo y de trabajo.<\/em><\/strong><\/p>\n<p style=\"text-align: justify;\">\u00bfQu\u00e9 has encontrado en el deporte para llevar a cabo estas gestas?<\/p>\n<p style=\"text-align: justify;\"><strong><em>El deporte es muy importante en mi vida y me gusta alimentarme de retos. Necesito marcarme nuevas metas para levantarme de la cama y sentirme bien.<\/em><\/strong><\/p>\n<p style=\"text-align: justify;\">A pesar de la gran dificultad de este reto que te has propuesto, \u00bfqu\u00e9 te hace levantarte cada ma\u00f1ana para seguir adelante en tus aventuras? \u00bfExiste la palabra imposible o retirada?<\/p>\n<p style=\"text-align: justify;\"><strong><em>Es una lucha de superaci\u00f3n personal y ver hasta donde mi cuerpo es capaz de llegar, siempre con sentido com\u00fan. Me gusta llevar mi cuerpo al l\u00edmite y ser capaz de vencerle.<\/em><\/strong><\/p>\n<p style=\"text-align: justify;\">Para acabar, \u00bfqu\u00e9 consejo le dar\u00edas a todos aquellos triATLETAS para que no duden y sigan entrenando para superarse cada d\u00eda?<\/p>\n<p style=\"text-align: justify;\"><strong><em>Muchas veces nos sorprendemos nosotros mismos de lo que somos capaces de hacer, con ilusi\u00f3n, esfuerzo y sacrificio el ser humano es capaz de cosas insospechables.<\/em><\/strong><\/p>\n<a class=\"vc_btn vc_btn-blue vc_btn-sm vc_btn_square \" href=\"http:\/\/www.ricardoabad.com\/\" rel=\"nofollow noopener\" target=\"_blank\">Blog Oficial<\/a>\n","protected":false},"excerpt":{"rendered":"<p>Una vez realizados ya 2 IM de los 52 que se ha propuesto realizar para este a\u00f1o, en triATLETASenred hemos tenido la posibilidad de entrevistar a Ricardo a trav\u00e9s de nuestro colaborador Pablo Bosch. Despu\u00e9s de tantos a\u00f1os en pruebas de ultra resistencia, \u00bfc\u00f3mo se puede preparar un reto tan complejo como el de completar [&hellip;]<\/p>\n","protected":false},"author":6,"featured_media":7604,"comment_status":"closed","ping_status":"open","sticky":false,"template":"","format":"standard","meta":{"_acf_changed":false,"rank_math_lock_modified_date":false,"footnotes":""},"categories":[10],"tags":[404,447,24],"class_list":{"0":"post-7603","1":"post","2":"type-post","3":"status-publish","4":"format-standard","5":"has-post-thumbnail","7":"category-entrevistas-triatlon","8":"tag-ironman","9":"tag-ricardo-abad","10":"tag-triatlon"},"acf":[],"_links":{"self":[{"href":"https:\/\/miurltemporal.com/main/triatletasenred.sport.es\/wp-json\/wp\/v2\/posts\/7603"}],"collection":[{"href":"https:\/\/miurltemporal.com/main/triatletasenred.sport.es\/wp-json\/wp\/v2\/posts"}],"about":[{"href":"https:\/\/miurltemporal.com/main/triatletasenred.sport.es\/wp-json\/wp\/v2\/types\/post"}],"author":[{"embeddable":true,"href":"https:\/\/miurltemporal.com/main/triatletasenred.sport.es\/wp-json\/wp\/v2\/users\/6"}],"replies":[{"embeddable":true,"href":"https:\/\/miurltemporal.com/main/triatletasenred.sport.es\/wp-json\/wp\/v2\/comments?post=7603"}],"version-history":[{"count":0,"href":"https:\/\/miurltemporal.com/main/triatletasenred.sport.es\/wp-json\/wp\/v2\/posts\/7603\/revisions"}],"wp:featuredmedia":[{"embeddable":true,"href":"https:\/\/miurltemporal.com/main/triatletasenred.sport.es\/wp-json\/wp\/v2\/media\/7604"}],"wp:attachment":[{"href":"https:\/\/miurltemporal.com/main/triatletasenred.sport.es\/wp-json\/wp\/v2\/media?parent=7603"}],"wp:term":[{"taxonomy":"category","embeddable":true,"href":"https:\/\/miurltemporal.com/main/triatletasenred.sport.es\/wp-json\/wp\/v2\/categories?post=7603"},{"taxonomy":"post_tag","embeddable":true,"href":"https:\/\/miurltemporal.com/main/triatletasenred.sport.es\/wp-json\/wp\/v2\/tags?post=7603"}],"curies":[{"name":"wp","href":"https:\/\/api.w.org\/{rel}","templated":true}]}}