{"id":75861,"date":"2021-10-07T02:32:18","date_gmt":"2021-10-07T00:32:18","guid":{"rendered":"https:\/\/miurltemporal.com/main/triatletasenred.sport.es\/?p=75861"},"modified":"2021-10-07T02:32:18","modified_gmt":"2021-10-07T00:32:18","slug":"padre-65-e-hijo-35-consiguen-correr-la-maraton-en-2h30-a-la-vez","status":"publish","type":"post","link":"https:\/\/miurltemporal.com/main/triatletasenred.sport.es\/actualidad\/padre-65-e-hijo-35-consiguen-correr-la-maraton-en-2h30-a-la-vez\/","title":{"rendered":"Padre (65) e hijo (35) consiguen correr la marat\u00f3n en 2h30&#8242; a la vez"},"content":{"rendered":"<h3>Tommy y Eoin Hughes no se cansan de romper moldes y consiguen casi reventar su r\u00e9cord Guinness del c\u00f3mputo en marat\u00f3n m\u00e1s r\u00e1pido de la historia, algo que consiguieron hace 2 a\u00f1os<\/h3>\n<p><\/a><\/p>\n<p>Compartir el arte de correr con alguien es bonito. Pero si adem\u00e1s ese compa\u00f1ero es tu padre, y este no s\u00f3lo es m\u00e1s competitivo que tu, sino que adem\u00e1s te permite entrar en el r\u00e9cord Guinness.<\/p>\n<p>Eso mismo les ocurre a los Hughes, que dos a\u00f1os despu\u00e9s de ser protagonistas del mundo del atletismo, han vuelto a protagonizar un reto de los suyos.<\/p>\n<p>Si por si fuera poco, correr un marat\u00f3n en 2h30&#8242; (&lt;3:30\/km) ya es una barbaridad para un adulto en plenitud f\u00edsica, hacerlo con m\u00e1s de 60 a\u00f1os desaf\u00eda cualquier mito del organismo.<\/p>\n<p>Por su parte, Eoin se ha quedado a 45 segundos de bajar una vez m\u00e1s de 2h30, aunque qui\u00e9n s\u00ed lo ha hecho es su hijo, con 2&#8217;29&#8221;57.<\/p>\n<p>Ambos han corrido con las Vaporfly Next% de Nike, como ya llevan a\u00f1os haciendo.<\/p>\n<p>Seg\u00fan Tommy, el secreto es seguir aquello que sabes que te va bien para cuidarte, que en su caso puede llegar a implicar unos 190km de media a la semana para mantener el tipo.<\/p>\n<h3>El r\u00e9cord Guiness<\/h3>\n<p>Un acumulado de menos de 5 horas para correr dos maratones, incre\u00edble.<\/p>\n<p>Aqu\u00e9l d\u00eda, Tommy corri\u00f3 en un tremendo 2:27 a sus 59, algo que adem\u00e1s le otorg\u00f3 el r\u00e9cord mundial de la distancia en esa franja de edad.<\/p>\n<h3>La historia de Tommy<\/h3>\n<p>El irland\u00e9s comenz\u00f3 a correr con 21 a\u00f1os y lleg\u00f3 a representar a su pa\u00eds en los Juegos de Barcelona &#8217;92, d\u00f3nde consigui\u00f3 un espectacular tiempo de 2h13&#8242;.<\/p>\n<p>A d\u00eda de hoy, y tras 27 a\u00f1os de su gesta, sigue practicando lo que m\u00e1s le gusta junto a su hijo, que tambi\u00e9n se inici\u00f3 en el mundo del fondo cuando \u00e9l quiso.<\/p>\n<p>Adem\u00e1s de ser el ejemplo vivo de que &#8216;el motor&#8217; sigue rugiendo con los a\u00f1os, y que tan solo hay que cuidar cada vez m\u00e1s el chasis.<\/p>\n<p>Ahora, el objetivo es el de romper el r\u00e9cord de la media marat\u00f3n acumulada m\u00e1s r\u00e1pida<\/p>\n","protected":false},"excerpt":{"rendered":"<p>Tommy y Eoin Hughes no se cansan de romper moldes y consiguen casi reventar su r\u00e9cord Guinness del c\u00f3mputo en marat\u00f3n m\u00e1s r\u00e1pido de la historia, algo que consiguieron hace 2 a\u00f1os Compartir el arte de correr con alguien es bonito. Pero si adem\u00e1s ese compa\u00f1ero es tu padre, y este no s\u00f3lo es m\u00e1s [&hellip;]<\/p>\n","protected":false},"author":309,"featured_media":75862,"comment_status":"closed","ping_status":"closed","sticky":false,"template":"","format":"standard","meta":{"_acf_changed":false,"rank_math_lock_modified_date":false,"footnotes":""},"categories":[17,19],"tags":[8886],"class_list":{"0":"post-75861","1":"post","2":"type-post","3":"status-publish","4":"format-standard","5":"has-post-thumbnail","7":"category-actualidad","8":"category-competiciones","9":"tag-tommy-y-eoin-hughes"},"acf":[],"_links":{"self":[{"href":"https:\/\/miurltemporal.com/main/triatletasenred.sport.es\/wp-json\/wp\/v2\/posts\/75861"}],"collection":[{"href":"https:\/\/miurltemporal.com/main/triatletasenred.sport.es\/wp-json\/wp\/v2\/posts"}],"about":[{"href":"https:\/\/miurltemporal.com/main/triatletasenred.sport.es\/wp-json\/wp\/v2\/types\/post"}],"author":[{"embeddable":true,"href":"https:\/\/miurltemporal.com/main/triatletasenred.sport.es\/wp-json\/wp\/v2\/users\/309"}],"replies":[{"embeddable":true,"href":"https:\/\/miurltemporal.com/main/triatletasenred.sport.es\/wp-json\/wp\/v2\/comments?post=75861"}],"version-history":[{"count":1,"href":"https:\/\/miurltemporal.com/main/triatletasenred.sport.es\/wp-json\/wp\/v2\/posts\/75861\/revisions"}],"predecessor-version":[{"id":75863,"href":"https:\/\/miurltemporal.com/main/triatletasenred.sport.es\/wp-json\/wp\/v2\/posts\/75861\/revisions\/75863"}],"wp:featuredmedia":[{"embeddable":true,"href":"https:\/\/miurltemporal.com/main/triatletasenred.sport.es\/wp-json\/wp\/v2\/media\/75862"}],"wp:attachment":[{"href":"https:\/\/miurltemporal.com/main/triatletasenred.sport.es\/wp-json\/wp\/v2\/media?parent=75861"}],"wp:term":[{"taxonomy":"category","embeddable":true,"href":"https:\/\/miurltemporal.com/main/triatletasenred.sport.es\/wp-json\/wp\/v2\/categories?post=75861"},{"taxonomy":"post_tag","embeddable":true,"href":"https:\/\/miurltemporal.com/main/triatletasenred.sport.es\/wp-json\/wp\/v2\/tags?post=75861"}],"curies":[{"name":"wp","href":"https:\/\/api.w.org\/{rel}","templated":true}]}}