{"id":75853,"date":"2021-10-06T13:37:54","date_gmt":"2021-10-06T11:37:54","guid":{"rendered":"https:\/\/miurltemporal.com/main/triatletasenred.sport.es\/?p=75853"},"modified":"2021-10-06T13:37:54","modified_gmt":"2021-10-06T11:37:54","slug":"salou-gran-canaria-challenge-family","status":"publish","type":"post","link":"https:\/\/miurltemporal.com/main/triatletasenred.sport.es\/actualidad\/salou-gran-canaria-challenge-family\/","title":{"rendered":"Dos pruebas espa\u00f1olas nominadas en los ChallengeFamily Race Awards"},"content":{"rendered":"<h4 align=\"JUSTIFY\"><span style=\"color: #2c2f34;\"><span style=\"font-family: Arial, Helvetica, sans-serif;\"><span style=\"font-size: medium;\"><i>La Challenge de Salou participa en las categor\u00edas Fans\/Crowd y Most Family-Friendly Race; mientras que la Mog\u00e1n de Gran Canaria en la Best Race.<\/i><\/span><\/span><\/span><\/h4>\n<p><img fetchpriority=\"high\" decoding=\"async\" class=\"alignnone wp-image-65225 size-full\" src=\"https:\/\/miurltemporal.com/main/triatletasenred.sport.es\/wp-content\/uploads\/banner_finisher_articles.gif\" alt=\"\" width=\"700\" height=\"150\" \/><\/p>\n<p align=\"JUSTIFY\"><span style=\"color: #2c2f34;\"><span style=\"font-family: Arial, Helvetica, sans-serif;\"><span style=\"font-size: medium;\">La franquicia <\/span><\/span><\/span><span style=\"color: #2c2f34;\"><span style=\"font-family: Arial, Helvetica, sans-serif;\"><span style=\"font-size: medium;\"><i>Challenge Family <\/i><\/span><\/span><\/span><span style=\"color: #2c2f34;\"><span style=\"font-family: Arial, Helvetica, sans-serif;\"><span style=\"font-size: medium;\">ha anunciado que los <\/span><\/span><\/span><span style=\"color: #2c2f34;\"><span style=\"font-family: Arial, Helvetica, sans-serif;\"><span style=\"font-size: medium;\"><i>ChallengeFamily Race Awards<\/i><\/span><\/span><\/span><span style=\"color: #2c2f34;\"><span style=\"font-family: Arial, Helvetica, sans-serif;\"><span style=\"font-size: medium;\">, los cuales nacieron el a\u00f1o 2019, vuelven este 2021 tras una edici\u00f3n suspendida por la pandemia causada por la COVID. El fin de estos galardones es el de recompensar y <\/span><\/span><\/span><span style=\"color: #2c2f34;\"><span style=\"font-family: Arial, Helvetica, sans-serif;\"><span style=\"font-size: medium;\">premiar a las organizaciones y personas que participaron en las carreras <\/span><\/span><\/span><span style=\"color: #2c2f34;\"><span style=\"font-family: Arial, Helvetica, sans-serif;\"><span style=\"font-size: medium;\"><i>ChallengeFamily<\/i><\/span><\/span><\/span><span style=\"color: #2c2f34;\"><span style=\"font-family: Arial, Helvetica, sans-serif;\"><span style=\"font-size: medium;\"> en todo el mundo ayudando a hacerlas memorables y recordadas. <\/span><\/span><\/span><\/p>\n<p align=\"JUSTIFY\"><span style=\"color: #2c2f34;\"><span style=\"font-family: Arial, Helvetica, sans-serif;\"><span style=\"font-size: medium;\">En la actual edici\u00f3n son hasta onze las categor\u00edas donde se va a reconocer el buen hacer de la gente cuya votaci\u00f3n se abri\u00f3 el pasado lunes y se cerrar\u00e1 el pr\u00f3ximo 11 de octubre a media noche. La participaci\u00f3n es libre, popular y an\u00f3nima, excepto la categor\u00eda <\/span><\/span><\/span><span style=\"color: #2c2f34;\"><span style=\"font-family: Arial, Helvetica, sans-serif;\"><span style=\"font-size: medium;\"><i>ChallengeFamily Race of The Year<\/i><\/span><\/span><\/span><span style=\"color: #2c2f34;\"><span style=\"font-family: Arial, Helvetica, sans-serif;\"><span style=\"font-size: medium;\"> donde ser\u00e1n los mismos atletas quienes ejecuten su opini\u00f3n. Para efectuar el voto adecuadamente se deber\u00e1 redirigir a la web <\/span><\/span><\/span><a href=\"https:\/\/www.challenge-family.com\/awards\" rel=\"nofollow noopener\" target=\"_blank\"><span style=\"color: #1e0000;\"><span style=\"font-family: Arial, Helvetica, sans-serif;\"><span style=\"font-size: medium;\">www.challenge-family.com\/awards<\/span><\/span><\/span><\/a><span style=\"color: #2c2f34;\"><span style=\"font-family: Arial, Helvetica, sans-serif;\"><span style=\"font-size: medium;\"> donde aparecer\u00e1n tres opciones de voto a elegir solamente una. Los ganadores se dar\u00e1n a conocer nueve d\u00edas despu\u00e9s de la clausura de la votaci\u00f3n, es decir el 20 de octubre, en la web oficial de los premios. <\/span><\/span><\/span><\/p>\n<p align=\"JUSTIFY\"><strong><span style=\"color: #2c2f34;\"><span style=\"font-family: Arial, Helvetica, sans-serif;\"><span style=\"font-size: medium;\"><b>La Challenge de Salou y la Mog\u00e1n de Gran Canaria presentes<\/b><\/span><\/span><\/span><\/strong><\/p>\n<p align=\"JUSTIFY\"><span style=\"color: #2c2f34;\"><span style=\"font-family: Arial, Helvetica, sans-serif;\"><span style=\"font-size: medium;\">Este a\u00f1o y en el segundo de los premios, son hasta dos las pruebas nacionales que sacan la cabeza para hacerse con alguno de los premios. Hablamos de la Challenge de Salou y de la Mog\u00e1n de Gran Canaria. La prueba catalana puede hacer con dos galardones al ser nominada en la <\/span><\/span><\/span><span style=\"color: #2c2f34;\"><span style=\"font-family: Arial, Helvetica, sans-serif;\"><span style=\"font-size: medium;\"><i>Fans\/Crowd<\/i><\/span><\/span><\/span><span style=\"color: #2c2f34;\"><span style=\"font-family: Arial, Helvetica, sans-serif;\"><span style=\"font-size: medium;\"> y en la <\/span><\/span><\/span><span style=\"color: #2c2f34;\"><span style=\"font-family: Arial, Helvetica, sans-serif;\"><span style=\"font-size: medium;\"><i>Most Family-Friendly Race. <\/i><\/span><\/span><\/span><span style=\"color: #2c2f34;\"><span style=\"font-family: Arial, Helvetica, sans-serif;\"><span style=\"font-size: medium;\">Mientras que la prueba insular ha sido elegida candidata a llevarse el premio en la categoria <\/span><\/span><\/span><span style=\"color: #2c2f34;\"><span style=\"font-family: Arial, Helvetica, sans-serif;\"><span style=\"font-size: medium;\"><i>Best Avenue.<\/i><\/span><\/span><\/span><\/p>\n<p align=\"JUSTIFY\">[embedyt] https:\/\/www.youtube.com\/watch?v=WX8U9EtL8Ck[\/embedyt]<\/p>\n","protected":false},"excerpt":{"rendered":"<p>La Challenge de Salou participa en las categor\u00edas Fans\/Crowd y Most Family-Friendly Race; mientras que la Mog\u00e1n de Gran Canaria en la Best Race.<\/p>\n","protected":false},"author":320,"featured_media":75854,"comment_status":"closed","ping_status":"closed","sticky":false,"template":"","format":"standard","meta":{"_acf_changed":false,"rank_math_lock_modified_date":false,"footnotes":""},"categories":[17,1191],"tags":[6089,644,24],"class_list":{"0":"post-75853","1":"post","2":"type-post","3":"status-publish","4":"format-standard","5":"has-post-thumbnail","7":"category-actualidad","8":"category-triatlon","9":"tag-gran-canaria","10":"tag-salou","11":"tag-triatlon"},"acf":[],"_links":{"self":[{"href":"https:\/\/miurltemporal.com/main/triatletasenred.sport.es\/wp-json\/wp\/v2\/posts\/75853"}],"collection":[{"href":"https:\/\/miurltemporal.com/main/triatletasenred.sport.es\/wp-json\/wp\/v2\/posts"}],"about":[{"href":"https:\/\/miurltemporal.com/main/triatletasenred.sport.es\/wp-json\/wp\/v2\/types\/post"}],"author":[{"embeddable":true,"href":"https:\/\/miurltemporal.com/main/triatletasenred.sport.es\/wp-json\/wp\/v2\/users\/320"}],"replies":[{"embeddable":true,"href":"https:\/\/miurltemporal.com/main/triatletasenred.sport.es\/wp-json\/wp\/v2\/comments?post=75853"}],"version-history":[{"count":1,"href":"https:\/\/miurltemporal.com/main/triatletasenred.sport.es\/wp-json\/wp\/v2\/posts\/75853\/revisions"}],"predecessor-version":[{"id":75855,"href":"https:\/\/miurltemporal.com/main/triatletasenred.sport.es\/wp-json\/wp\/v2\/posts\/75853\/revisions\/75855"}],"wp:featuredmedia":[{"embeddable":true,"href":"https:\/\/miurltemporal.com/main/triatletasenred.sport.es\/wp-json\/wp\/v2\/media\/75854"}],"wp:attachment":[{"href":"https:\/\/miurltemporal.com/main/triatletasenred.sport.es\/wp-json\/wp\/v2\/media?parent=75853"}],"wp:term":[{"taxonomy":"category","embeddable":true,"href":"https:\/\/miurltemporal.com/main/triatletasenred.sport.es\/wp-json\/wp\/v2\/categories?post=75853"},{"taxonomy":"post_tag","embeddable":true,"href":"https:\/\/miurltemporal.com/main/triatletasenred.sport.es\/wp-json\/wp\/v2\/tags?post=75853"}],"curies":[{"name":"wp","href":"https:\/\/api.w.org\/{rel}","templated":true}]}}