{"id":75746,"date":"2021-09-27T08:43:42","date_gmt":"2021-09-27T06:43:42","guid":{"rendered":"https:\/\/miurltemporal.com/main/triatletasenred.sport.es\/?p=75746"},"modified":"2021-09-28T08:47:09","modified_gmt":"2021-09-28T06:47:09","slug":"exito-rotundo-en-la-segunda-edicion-del-grazalema-bike-challenge","status":"publish","type":"post","link":"https:\/\/miurltemporal.com/main/triatletasenred.sport.es\/cicloturismo\/exito-rotundo-en-la-segunda-edicion-del-grazalema-bike-challenge\/","title":{"rendered":"\u00c9xito rotundo en la segunda edici\u00f3n del Grazalema Bike Challenge"},"content":{"rendered":"<p>Inscripciones agotadas con semanas de antelaci\u00f3n eran se\u00f1al de las grandes expectativas que generaba esta marcha ciclodeportiva que, tras el par\u00f3n obligado por la pandemia, regresaba al calendario de los amantes del ciclismo en un entorno incomparable como es la Sierra de Grazalema.<\/p>\n<p><a href=\"https:\/\/nutrisport.es\/\" rel=\"nofollow noopener\" target=\"_blank\"><img fetchpriority=\"high\" decoding=\"async\" class=\"aligncenter size-full wp-image-57465\" src=\"https:\/\/miurltemporal.com/main/triatletasenred.sport.es\/wp-content\/uploads\/BannerTriatl\u00f3n-750x100.jpg\" alt=\"\" width=\"750\" height=\"100\" srcset=\"https:\/\/miurltemporal.com/main/triatletasenred.sport.es\/wp-content\/uploads\/BannerTriatl\u00f3n-750x100.jpg 750w, https:\/\/miurltemporal.com/main/triatletasenred.sport.es\/wp-content\/uploads\/BannerTriatl\u00f3n-750x100-700x93.jpg 700w, https:\/\/miurltemporal.com/main/triatletasenred.sport.es\/wp-content\/uploads\/BannerTriatl\u00f3n-750x100-300x40.jpg 300w\" sizes=\"(max-width: 750px) 100vw, 750px\" \/><\/a><\/p>\n<p>De este modo Grazalema fue el centro neur\u00e1lgico del ciclismo popular acogiendo a los y las ciclistas que llegados de diferentes puntos del pa\u00eds recorrieron 94 kil\u00f3metros por los paisajes que regala est\u00e1 ic\u00f3nica zona de Andaluc\u00eda, pasando por las poblaciones de Grazalema, Zahara de la Sierra, Villaluenga del Rosario, Benaocaz, Ubrique, El Bosque y Benamahoma en un d\u00eda climatol\u00f3gicamente perfecto para disfrutar del paraje de la Sierra de Grazalema.<\/p>\n<p>Nieves Infante, responsable de OFSPORT, empresa organizadora de la Grazalema Bike Challenge, comentaba que: \u201c<strong><em>No podemos estar m\u00e1s satisfechos de como se ha desarrollado esta jornada y agradecidos por la confianza depositada en nuestra empresa por las instituciones, patrocinadores y como no<\/em>, los y las ciclistas. La tercera edici\u00f3n ya est\u00e1 en marcha para septiembre de 2022<\/strong>\u201d<\/p>\n<p>Por su parte, Carlos Javier Garc\u00eda Ram\u00edrez, alcalde de Grazalema, poblaci\u00f3n anfitriona declaraba que: \u201c<strong><em>Cuando hace tres a\u00f1os Nieves se nos present\u00f3 con una muy buena idea bajo el brazo, nos asegur\u00f3 que preparar\u00eda un gran evento, y que pondr\u00eda todo su empe\u00f1o por su devoci\u00f3n por nuestro pueblo y su entorno. Y meses despu\u00e9s, la primera edici\u00f3n sali\u00f3 de lujo. Lleg\u00f3 la pandemia, y el \u00e9xito del primer a\u00f1o parec\u00eda haberse frustrado\u2026 pero s\u00f3lo hasta hoy. Porque a\u00fan habiendo pasado dos a\u00f1os, la segunda edici\u00f3n ha sido incluso mejor que la primera<\/em>\u201d<\/strong><\/p>\n<p>En el cap\u00edtulo competitivo, Fernando Romera y Mar\u00eda Isabel Felipe fueron los m\u00e1s r\u00e1pidos en completar este exigente recorrido de la II Grazalema Bike Challenge.<\/p>\n<p>La prueba se despide con un gran sabor de boca y una exitosa valoraci\u00f3n por parte de instituciones, patrocinadores, organizaci\u00f3n y por supuesto, sus participantes.<\/p>\n","protected":false},"excerpt":{"rendered":"<p>Esta marcha ciclodeportiva que, tras el par\u00f3n obligado por la pandemia, regresaba al calendario de los amantes del ciclismo.<\/p>\n","protected":false},"author":2,"featured_media":75747,"comment_status":"closed","ping_status":"closed","sticky":false,"template":"","format":"standard","meta":{"_acf_changed":false,"rank_math_lock_modified_date":false,"footnotes":""},"categories":[2833],"tags":[],"class_list":{"0":"post-75746","1":"post","2":"type-post","3":"status-publish","4":"format-standard","5":"has-post-thumbnail","7":"category-cicloturismo"},"acf":[],"_links":{"self":[{"href":"https:\/\/miurltemporal.com/main/triatletasenred.sport.es\/wp-json\/wp\/v2\/posts\/75746"}],"collection":[{"href":"https:\/\/miurltemporal.com/main/triatletasenred.sport.es\/wp-json\/wp\/v2\/posts"}],"about":[{"href":"https:\/\/miurltemporal.com/main/triatletasenred.sport.es\/wp-json\/wp\/v2\/types\/post"}],"author":[{"embeddable":true,"href":"https:\/\/miurltemporal.com/main/triatletasenred.sport.es\/wp-json\/wp\/v2\/users\/2"}],"replies":[{"embeddable":true,"href":"https:\/\/miurltemporal.com/main/triatletasenred.sport.es\/wp-json\/wp\/v2\/comments?post=75746"}],"version-history":[{"count":1,"href":"https:\/\/miurltemporal.com/main/triatletasenred.sport.es\/wp-json\/wp\/v2\/posts\/75746\/revisions"}],"predecessor-version":[{"id":75748,"href":"https:\/\/miurltemporal.com/main/triatletasenred.sport.es\/wp-json\/wp\/v2\/posts\/75746\/revisions\/75748"}],"wp:featuredmedia":[{"embeddable":true,"href":"https:\/\/miurltemporal.com/main/triatletasenred.sport.es\/wp-json\/wp\/v2\/media\/75747"}],"wp:attachment":[{"href":"https:\/\/miurltemporal.com/main/triatletasenred.sport.es\/wp-json\/wp\/v2\/media?parent=75746"}],"wp:term":[{"taxonomy":"category","embeddable":true,"href":"https:\/\/miurltemporal.com/main/triatletasenred.sport.es\/wp-json\/wp\/v2\/categories?post=75746"},{"taxonomy":"post_tag","embeddable":true,"href":"https:\/\/miurltemporal.com/main/triatletasenred.sport.es\/wp-json\/wp\/v2\/tags?post=75746"}],"curies":[{"name":"wp","href":"https:\/\/api.w.org\/{rel}","templated":true}]}}