{"id":75710,"date":"2021-09-27T09:04:11","date_gmt":"2021-09-27T07:04:11","guid":{"rendered":"https:\/\/miurltemporal.com/main/triatletasenred.sport.es\/?p=75710"},"modified":"2021-09-27T09:15:25","modified_gmt":"2021-09-27T07:15:25","slug":"aida-valino-y-gustavo-rodriguez-vencen-el-campeonato-gallego-de-ciclismo-contrareloj","status":"publish","type":"post","link":"https:\/\/miurltemporal.com/main/triatletasenred.sport.es\/actualidad\/aida-valino-y-gustavo-rodriguez-vencen-el-campeonato-gallego-de-ciclismo-contrareloj\/","title":{"rendered":"Aida Vali\u00f1o y Gustavo Rodr\u00edguez vencen el campeonato gallego de ciclismo contrarreloj"},"content":{"rendered":"<h3>Este fin de semana hubo podios por doquier en casa de los Rodr\u00edguez Vali\u00f1o. Mam\u00e1 y Pap\u00e1 llevaron para casa sendas medallas de oro.<\/h3>\n<p><a href=\"https:\/\/zone3.es\/\" rel=\"nofollow noopener\" target=\"_blank\"><img fetchpriority=\"high\" decoding=\"async\" class=\"aligncenter size-full wp-image-66903\" src=\"https:\/\/miurltemporal.com/main/triatletasenred.sport.es\/wp-content\/uploads\/Banner-Zone3-746x149px.gif\" alt=\"\" width=\"746\" height=\"149\" \/><\/a><\/p>\n<p>Gustavo Rodr\u00edguez y Aida Vali\u00f1o participaron en el campeonato auton\u00f3mico de contrarreloj y no pudieron competir de mejor manera. Ambos se proclamaron campeones gallegos de la disciplina.<\/p>\n<p>En sus redes sociales Gustavo Rodr\u00edguez, que recordemos que viene de conseguir una plata en Tokio 2020, se mostraba especialmente satisfecho en un check list con una narrativa marca de la casa.<\/p>\n<blockquote class=\"td_quote_box td_box_center\">\n<h4>&#8220;Sentirse de nuevo un poquito ciclista y volver a ganar un campeonato gallego absoluto 20 a\u00f1os despu\u00e9s de mi primer t\u00edtulo&#8221;<\/h4>\n<\/blockquote>\n<p>Por su parte Aida Vali\u00f1o no pudo rendir mejor homenaje a su padre venciendo de nuevo esta prueba y renovando el t\u00edtulo conseguido en anteriores ocasiones. Sin duda un gran resultado que como ella misma comentaba le habr\u00e1 servido de terapia a nuestra admirada gallega.<\/p>\n<blockquote class=\"td_quote_box td_box_center\">\n<h4>Cuando conviertes toda la tensi\u00f3n en vatios pasan estas cosas.<\/h4>\n<\/blockquote>\n<p>Desde triatletasenred solo resta felicitar a la pareja de Tui y esperar nuevos \u00e9xitos y, a ser posible, muchos.<\/p>\n<p><iframe title=\"TRIATL\u00d3N EN VENA \ud83d\udc89. T01E06  con Pello Osoro y Aida Vali\u00f1o\" width=\"696\" height=\"392\" src=\"https:\/\/www.youtube.com\/embed\/wd265bn3YqQ?feature=oembed\" frameborder=\"0\" allow=\"accelerometer; autoplay; clipboard-write; encrypted-media; gyroscope; picture-in-picture; web-share\" referrerpolicy=\"strict-origin-when-cross-origin\" allowfullscreen><\/iframe><\/p>\n","protected":false},"excerpt":{"rendered":"<p>Este fin de semana hubo podios por doquier en casa de los Rodr\u00edguez Vali\u00f1o. Mam\u00e1 y Pap\u00e1 llevaron para casa sendas medallas de oro.<\/p>\n","protected":false},"author":2,"featured_media":70604,"comment_status":"closed","ping_status":"closed","sticky":false,"template":"","format":"standard","meta":{"_acf_changed":false,"rank_math_lock_modified_date":false,"footnotes":""},"categories":[17],"tags":[2209,8871,2208],"class_list":{"0":"post-75710","1":"post","2":"type-post","3":"status-publish","4":"format-standard","5":"has-post-thumbnail","7":"category-actualidad","8":"tag-aida-valino","9":"tag-contrareloj","10":"tag-gustavo-rodriguez"},"acf":[],"_links":{"self":[{"href":"https:\/\/miurltemporal.com/main/triatletasenred.sport.es\/wp-json\/wp\/v2\/posts\/75710"}],"collection":[{"href":"https:\/\/miurltemporal.com/main/triatletasenred.sport.es\/wp-json\/wp\/v2\/posts"}],"about":[{"href":"https:\/\/miurltemporal.com/main/triatletasenred.sport.es\/wp-json\/wp\/v2\/types\/post"}],"author":[{"embeddable":true,"href":"https:\/\/miurltemporal.com/main/triatletasenred.sport.es\/wp-json\/wp\/v2\/users\/2"}],"replies":[{"embeddable":true,"href":"https:\/\/miurltemporal.com/main/triatletasenred.sport.es\/wp-json\/wp\/v2\/comments?post=75710"}],"version-history":[{"count":2,"href":"https:\/\/miurltemporal.com/main/triatletasenred.sport.es\/wp-json\/wp\/v2\/posts\/75710\/revisions"}],"predecessor-version":[{"id":75713,"href":"https:\/\/miurltemporal.com/main/triatletasenred.sport.es\/wp-json\/wp\/v2\/posts\/75710\/revisions\/75713"}],"wp:featuredmedia":[{"embeddable":true,"href":"https:\/\/miurltemporal.com/main/triatletasenred.sport.es\/wp-json\/wp\/v2\/media\/70604"}],"wp:attachment":[{"href":"https:\/\/miurltemporal.com/main/triatletasenred.sport.es\/wp-json\/wp\/v2\/media?parent=75710"}],"wp:term":[{"taxonomy":"category","embeddable":true,"href":"https:\/\/miurltemporal.com/main/triatletasenred.sport.es\/wp-json\/wp\/v2\/categories?post=75710"},{"taxonomy":"post_tag","embeddable":true,"href":"https:\/\/miurltemporal.com/main/triatletasenred.sport.es\/wp-json\/wp\/v2\/tags?post=75710"}],"curies":[{"name":"wp","href":"https:\/\/api.w.org\/{rel}","templated":true}]}}