{"id":75702,"date":"2021-09-27T06:59:49","date_gmt":"2021-09-27T04:59:49","guid":{"rendered":"https:\/\/miurltemporal.com/main/triatletasenred.sport.es\/?p=75702"},"modified":"2021-09-27T01:39:31","modified_gmt":"2021-09-26T23:39:31","slug":"estreno-inmejorable-del-mallorca-140-6-triathlon-con-triunfos-internacionales","status":"publish","type":"post","link":"https:\/\/miurltemporal.com/main/triatletasenred.sport.es\/actualidad\/estreno-inmejorable-del-mallorca-140-6-triathlon-con-triunfos-internacionales\/","title":{"rendered":"Estreno inmejorable del Mallorca 140.6 Triathlon con triunfos internacionales"},"content":{"rendered":"<h3>Marion Tuin y Sam Shepted se proclaman vencedores de la 1\u00aa edici\u00f3n de un triatl\u00f3n de LD que ha llegado para quedarse<\/h3>\n<p><a href=\"https:\/\/www.mallorca140-6triathlon.com\" rel=\"nofollow noopener\" target=\"_blank\"><img fetchpriority=\"high\" decoding=\"async\" class=\"aligncenter size-full wp-image-73018\" src=\"https:\/\/miurltemporal.com/main/triatletasenred.sport.es\/wp-content\/uploads\/mallorca-140-1.jpg\" alt=\"\" width=\"1459\" height=\"210\" srcset=\"https:\/\/miurltemporal.com/main/triatletasenred.sport.es\/wp-content\/uploads\/mallorca-140-1.jpg 1459w, https:\/\/miurltemporal.com/main/triatletasenred.sport.es\/wp-content\/uploads\/mallorca-140-1-700x101.jpg 700w, https:\/\/miurltemporal.com/main/triatletasenred.sport.es\/wp-content\/uploads\/mallorca-140-1-300x43.jpg 300w, https:\/\/miurltemporal.com/main/triatletasenred.sport.es\/wp-content\/uploads\/mallorca-140-1-1024x147.jpg 1024w, https:\/\/miurltemporal.com/main/triatletasenred.sport.es\/wp-content\/uploads\/mallorca-140-1-768x111.jpg 768w, https:\/\/miurltemporal.com/main/triatletasenred.sport.es\/wp-content\/uploads\/mallorca-140-1-696x100.jpg 696w, https:\/\/miurltemporal.com/main/triatletasenred.sport.es\/wp-content\/uploads\/mallorca-140-1-1068x154.jpg 1068w\" sizes=\"(max-width: 1459px) 100vw, 1459px\" \/><\/a><\/p>\n<p>Un a\u00f1o han tenido que esperar los participantes del primer Mallorca 140.6 Triathlon para poder disfrutar de la isla, saldando la demora obligada con un \u00e9xito total que da buenos augurios de cara a convertirse en una fecha clave para aquellos que busquen un segundo objetivo del a\u00f1o en un LD<\/p>\n<p>La neerlandesa <strong>Marion Tuin<\/strong> y el brit\u00e1nico <strong>Sam<\/strong>\u00a0<strong>Shepted<\/strong> se han llevado los laureles con situaciones muy distintas de carrera.<\/p>\n<p>En categor\u00eda femenina, Tuin sali\u00f3 algo rezagada del agua, aunque lograr\u00eda recortar diferencias con Deborah Van Gossum para alcanzar la cabeza de carrera antes de la T2, d\u00f3nde ya ten\u00eda ventajas suficientes para vencer en la bah\u00eda de Alc\u00f9dia con 10:22:32. <strong>Van Gossum<\/strong> entrar\u00eda a 18 minutos, mientras que la diferencia con la tercera clasificada, la francesa <strong>Julia<\/strong>\u00a0<strong>Aland<\/strong> se ir\u00eda a m\u00e1s de una hora y media, con 12h01:41.<\/p>\n<p>En la categor\u00eda masculina, los locales salieron con todo a por el triunfo. Era <strong>Carlos L\u00f3pez<\/strong> del ANB quien lideraba con una s\u00f3lida ventaja el segmento de agua para plantarse en T2 s\u00f3lo despu\u00e9s de una s\u00f3lido sector de bici que parec\u00eda indicar que el oro se quedar\u00eda en casa.<\/p>\n<p>Sin embargo, la mala suerte se cebar\u00eda con los baleares, primeramente con un pinchazo para Joan Nadal en la bici y seguido de unas molestias en la espalda para Carlos, que le obligar\u00edan a abandonar, al igual que con <strong>Xesc Artigues.<\/strong><\/p>\n<p>Por suerte, Joan Nadal lograr\u00eda sobreponerse, y tras una gran marat\u00f3n remontar\u00eda hasta la segunda plaza, s\u00f3lo superado por <strong>Sam Shepted,\u00a0<\/strong>quien gan\u00f3 con 9:12:05. A dos minutos entr\u00f3 Nadal, mientras que Ander Irigoyen -quien debutaba en la distancia- tambi\u00e9n aprovechar\u00eda la segunda media marat\u00f3n para cazar a &#8216;cad\u00e1veres&#8217; y a\u00faparse en el tercer caj\u00f3n con 9:22:37, en una jornada de much\u00edsimo calor.<\/p>\n<p>En el Half, triunfo esperado para<strong> Miguel \u00c1ngel Fidalgo<\/strong> dominando de principio a fin con 4h08:29. El alem\u00e1n <strong>Philipp Stadter<\/strong> y el brit\u00e1nico <strong>Darren Orchard<\/strong> completaban el podio. En f\u00e9minas, <strong>Marta Burgu\u00e9s<\/strong> ganaba con 5h09:23 con una renta enorme sobre la alemana <strong>Daniela Jakobler<\/strong> y la checa <strong>Maria Sykorova.<\/strong><\/p>\n<p>La bolsa de premios total era de 10.000\u20ac, con la entrega del guard\u00f3n Vintage -bicicletas y equipamiento de los a\u00f1os 80 y 90- para <strong>Mark Livesey.<\/strong><\/p>\n<p>El Mallorca 140.6 Triathlon se ha desarrollado bajo un estricto protocolo anti Coronavirus para garantizar la seguridad de los deportistas, espectadores y voluntarios, y aspira a convertirse en un referente internacional por la alt\u00edsima exigencia organizativa y por el espectacular entorno natural en el que se celebra. El Mallorca 140.6 Triathlon supone una vuelta a los or\u00edgenes de este tipo de competiciones en los que est\u00e1 prohibido el \u2018drafting\u2019 en el segmento ciclista (ir a rueda), ampliando la distancia de 12 a 20 metros.<\/p>\n<h4>Hombres<\/h4>\n<ol>\n<li>Sam <strong>Shepted<\/strong> 9h12:05<\/li>\n<li>Joan <strong>Nadal<\/strong> 9h14:04<\/li>\n<li>Ander <strong>Irigoyen<\/strong> 9h22:37<\/li>\n<\/ol>\n<h4>Mujeres<\/h4>\n<ol>\n<li>Marion <strong>Tuin:<\/strong> 10h22:32<\/li>\n<li>Deborah <strong>Van Gossum<\/strong> 11h40:20<\/li>\n<li>Julia <strong>Aland<\/strong> 12h01:41<\/li>\n<\/ol>\n<p><em>Resultados completos, <a href=\"https:\/\/sportmaniacs.com\/es\/races\/mallorca-1406\" rel=\"nofollow noopener\" target=\"_blank\">aqu\u00ed<\/a><\/em><\/p>\n<p><em><a href=\"https:\/\/we.tl\/t-VeARsWbh7C\" rel=\"nofollow noopener\" target=\"_blank\">Fotos prensa<\/a> (@Rafa Babot \/ Mallorca 140.6 Triathlon)<\/em><strong><em>\u00a0<\/em><\/strong><\/p>\n","protected":false},"excerpt":{"rendered":"<p>Marion Tuin y Sam Shepted se proclaman vencedores de la 1\u00aa edici\u00f3n de un triatl\u00f3n de LD que ha llegado para quedarse Un a\u00f1o han tenido que esperar los participantes del primer Mallorca 140.6 Triathlon para poder disfrutar de la isla, saldando la demora obligada con un \u00e9xito total que da buenos augurios de cara [&hellip;]<\/p>\n","protected":false},"author":309,"featured_media":75704,"comment_status":"closed","ping_status":"closed","sticky":false,"template":"","format":"standard","meta":{"_acf_changed":false,"rank_math_lock_modified_date":false,"footnotes":""},"categories":[17,19],"tags":[7062],"class_list":{"0":"post-75702","1":"post","2":"type-post","3":"status-publish","4":"format-standard","5":"has-post-thumbnail","7":"category-actualidad","8":"category-competiciones","9":"tag-mallorca-140-6"},"acf":[],"_links":{"self":[{"href":"https:\/\/miurltemporal.com/main/triatletasenred.sport.es\/wp-json\/wp\/v2\/posts\/75702"}],"collection":[{"href":"https:\/\/miurltemporal.com/main/triatletasenred.sport.es\/wp-json\/wp\/v2\/posts"}],"about":[{"href":"https:\/\/miurltemporal.com/main/triatletasenred.sport.es\/wp-json\/wp\/v2\/types\/post"}],"author":[{"embeddable":true,"href":"https:\/\/miurltemporal.com/main/triatletasenred.sport.es\/wp-json\/wp\/v2\/users\/309"}],"replies":[{"embeddable":true,"href":"https:\/\/miurltemporal.com/main/triatletasenred.sport.es\/wp-json\/wp\/v2\/comments?post=75702"}],"version-history":[{"count":1,"href":"https:\/\/miurltemporal.com/main/triatletasenred.sport.es\/wp-json\/wp\/v2\/posts\/75702\/revisions"}],"predecessor-version":[{"id":75703,"href":"https:\/\/miurltemporal.com/main/triatletasenred.sport.es\/wp-json\/wp\/v2\/posts\/75702\/revisions\/75703"}],"wp:featuredmedia":[{"embeddable":true,"href":"https:\/\/miurltemporal.com/main/triatletasenred.sport.es\/wp-json\/wp\/v2\/media\/75704"}],"wp:attachment":[{"href":"https:\/\/miurltemporal.com/main/triatletasenred.sport.es\/wp-json\/wp\/v2\/media?parent=75702"}],"wp:term":[{"taxonomy":"category","embeddable":true,"href":"https:\/\/miurltemporal.com/main/triatletasenred.sport.es\/wp-json\/wp\/v2\/categories?post=75702"},{"taxonomy":"post_tag","embeddable":true,"href":"https:\/\/miurltemporal.com/main/triatletasenred.sport.es\/wp-json\/wp\/v2\/tags?post=75702"}],"curies":[{"name":"wp","href":"https:\/\/api.w.org\/{rel}","templated":true}]}}