{"id":75699,"date":"2021-09-27T07:00:03","date_gmt":"2021-09-27T05:00:03","guid":{"rendered":"https:\/\/miurltemporal.com/main/triatletasenred.sport.es\/?p=75699"},"modified":"2021-09-27T15:55:12","modified_gmt":"2021-09-27T13:55:12","slug":"gustav-iden-mete-miedo-con-una-crono-de-vacaciones-a-350w","status":"publish","type":"post","link":"https:\/\/miurltemporal.com/main/triatletasenred.sport.es\/actualidad\/gustav-iden-mete-miedo-con-una-crono-de-vacaciones-a-350w\/","title":{"rendered":"Gustav Iden mete miedo con una crono &#8216;de vacaciones&#8217; a 350 watios"},"content":{"rendered":"<h3>El flamante Campe\u00f3n del Mundo de 70.3 destaca en el &#8216;Celebrity Relay&#8217; del Triatl\u00f3n de Malib\u00fa, d\u00f3nde el noruego ha contribuido a la victoria con un espectacular tramo de ciclismo<\/h3>\n<p><\/a><\/p>\n<p>A <strong>Gustav Iden<\/strong> le ha sentado genial el primer puesto del ranking de la PTO.<\/p>\n<p>Junto la resto de sus compa\u00f1eros de selecci\u00f3n del Team Norway, el bicampe\u00f3n del Mundo de 70.3 se ha desplazado a California para la celebraci\u00f3n de otra parada de la Super League, esta vez, dominada por <strong>Yee<\/strong> y <strong>Taylor-Brown.<\/strong><\/p>\n<p>Aprovechando la celebraci\u00f3n de dicho evento, <strong>Iden<\/strong> ha tomado parte en el Relevo de las Celebrities, d\u00f3nde ha completado el tramo de ciclismo, consistente en un circuito a ida y vuelta para completar 27 kil\u00f3metros con 212m de desnivel.<\/p>\n<p>El crack de Bergen no s\u00f3lo ha conseguido el registro m\u00e1s r\u00e1pido de la jornada, sino que sus n\u00fameros han sido de alto voltaje: 46,5 km\/h de media durante 34:44 minutos para una potencia normalizada de 349w y una cadencia de 94 rpm.<\/p>\n<p>Si bien es cierto que muchos triatletas de \u00e9lite son capaces de rondar unos n\u00fameros similares en competici\u00f3n, no hay que olvidar que se trataba de una prueba de relevos de compromiso, con otros los otros entrenos del d\u00eda a\u00fan por realizar, y una semana despu\u00e9s de uno de las mayores gestas deportivas de su vida<\/p>\n<p>En St.George, el joven de 25 a\u00f1os empujar\u00eda m\u00e1s de 300w y 319w de NP para marcharse s\u00f3lo y afianzar as\u00ed la rev\u00e1lida de su t\u00edtulo mundial. Durante esta &#8216;fuga&#8217;, el de Giant lleg\u00f3 a alcanzar los 99 km\/h durante el descenso, que fue d\u00f3nde realmente marc\u00f3 diferencias&#8230; \u00bfQu\u00e9 puedes hacer contra un &#8216;motoraco&#8217; que adem\u00e1s baja bien?<\/p>\n<p>Recordamos adem\u00e1s que <strong>Iden<\/strong> declara un peso de 66 kilos para su 1,77m de altura, lo que dejar\u00eda una relaci\u00f3n w\/kg de 5,28 durante los casi 35 minutos que dur\u00f3 la contrarreloj.<\/p>\n<p>Como a\u00f1adido, su equipo en la SLT, los &#8216;Eagles&#8217;, se ha llevado 120.000 a repartir entre 10 triatletas, por ganar la general por equipos, premio del que tambi\u00e9n se lleva su respectiva tajada.<\/p>\n<p>Los datos completos de la sesi\u00f3n, <a href=\"https:\/\/www.strava.com\/activities\/6024419055\/overview\" rel=\"nofollow noopener\" target=\"_blank\">aqu\u00ed<\/a>.<\/p>\n<p><a href=\"https:\/\/youtu.be\/QbnEhY4lO2c\" rel=\"nofollow noopener\" target=\"_blank\">https:\/\/youtu.be\/QbnEhY4lO2c<\/a><\/p>\n","protected":false},"excerpt":{"rendered":"<p>El flamante Campe\u00f3n del Mundo de 70.3 destaca en el &#8216;Celebrity Relay&#8217; del Triatl\u00f3n de Malib\u00fa, d\u00f3nde el noruego ha contribuido a la victoria con un espectacular tramo de ciclismo A Gustav Iden le ha sentado genial el primer puesto del ranking de la PTO. Junto la resto de sus compa\u00f1eros de selecci\u00f3n del Team [&hellip;]<\/p>\n","protected":false},"author":309,"featured_media":75700,"comment_status":"closed","ping_status":"closed","sticky":false,"template":"","format":"standard","meta":{"_acf_changed":false,"rank_math_lock_modified_date":false,"footnotes":""},"categories":[17,19],"tags":[7614,6386,3800],"class_list":{"0":"post-75699","1":"post","2":"type-post","3":"status-publish","4":"format-standard","5":"has-post-thumbnail","7":"category-actualidad","8":"category-competiciones","9":"tag-contrarreloj","10":"tag-gustav-iden","11":"tag-vatios"},"acf":[],"_links":{"self":[{"href":"https:\/\/miurltemporal.com/main/triatletasenred.sport.es\/wp-json\/wp\/v2\/posts\/75699"}],"collection":[{"href":"https:\/\/miurltemporal.com/main/triatletasenred.sport.es\/wp-json\/wp\/v2\/posts"}],"about":[{"href":"https:\/\/miurltemporal.com/main/triatletasenred.sport.es\/wp-json\/wp\/v2\/types\/post"}],"author":[{"embeddable":true,"href":"https:\/\/miurltemporal.com/main/triatletasenred.sport.es\/wp-json\/wp\/v2\/users\/309"}],"replies":[{"embeddable":true,"href":"https:\/\/miurltemporal.com/main/triatletasenred.sport.es\/wp-json\/wp\/v2\/comments?post=75699"}],"version-history":[{"count":5,"href":"https:\/\/miurltemporal.com/main/triatletasenred.sport.es\/wp-json\/wp\/v2\/posts\/75699\/revisions"}],"predecessor-version":[{"id":75722,"href":"https:\/\/miurltemporal.com/main/triatletasenred.sport.es\/wp-json\/wp\/v2\/posts\/75699\/revisions\/75722"}],"wp:featuredmedia":[{"embeddable":true,"href":"https:\/\/miurltemporal.com/main/triatletasenred.sport.es\/wp-json\/wp\/v2\/media\/75700"}],"wp:attachment":[{"href":"https:\/\/miurltemporal.com/main/triatletasenred.sport.es\/wp-json\/wp\/v2\/media?parent=75699"}],"wp:term":[{"taxonomy":"category","embeddable":true,"href":"https:\/\/miurltemporal.com/main/triatletasenred.sport.es\/wp-json\/wp\/v2\/categories?post=75699"},{"taxonomy":"post_tag","embeddable":true,"href":"https:\/\/miurltemporal.com/main/triatletasenred.sport.es\/wp-json\/wp\/v2\/tags?post=75699"}],"curies":[{"name":"wp","href":"https:\/\/api.w.org\/{rel}","templated":true}]}}