{"id":75693,"date":"2021-09-25T22:32:27","date_gmt":"2021-09-25T20:32:27","guid":{"rendered":"https:\/\/miurltemporal.com/main/triatletasenred.sport.es\/?p=75693"},"modified":"2021-09-26T00:28:44","modified_gmt":"2021-09-25T22:28:44","slug":"mantecon-y-serrat-plata-y-bronce-en-el-europeo-de-valencia","status":"publish","type":"post","link":"https:\/\/miurltemporal.com/main/triatletasenred.sport.es\/actualidad\/mantecon-y-serrat-plata-y-bronce-en-el-europeo-de-valencia\/","title":{"rendered":"Mantec\u00f3n y Serrat PLATA y BRONCE en el Europeo de Valencia"},"content":{"rendered":"\n<h3 class=\"wp-block-heading\">Genial resultado para la TriArmada, con Dorian Coninx como \u00fanico triatleta superior en Valencia<\/h3>\n\n\n\n<figure class=\"wp-block-image size-large\"><img fetchpriority=\"high\" decoding=\"async\" width=\"700\" height=\"150\" src=\"https:\/\/miurltemporal.com/main/triatletasenred.sport.es\/wp-content\/uploads\/inverse_750.jpg\" alt=\"\" class=\"wp-image-74162\" srcset=\"https:\/\/miurltemporal.com/main/triatletasenred.sport.es\/wp-content\/uploads\/inverse_750.jpg 700w, https:\/\/miurltemporal.com/main/triatletasenred.sport.es\/wp-content\/uploads\/inverse_750-300x64.jpg 300w, https:\/\/miurltemporal.com/main/triatletasenred.sport.es\/wp-content\/uploads\/inverse_750-696x150.jpg 696w\" sizes=\"(max-width: 700px) 100vw, 700px\" \/><\/figure>\n\n\n\n<h3 class=\"wp-block-heading\">Hombres<\/h3>\n\n\n\n<p>Una nataci\u00f3n que, <em>a priori<\/em>, tendr\u00eda que haber roto la carrera al ser liderada por <strong>Richard Varga<\/strong>. Sin embargo, tras los 1500m, tan solo 39\u201d separaban el primer del segundo grupo, por lo que se auguraba una bici de paseo.<\/p>\n\n\n\n<p>Varios espa\u00f1oles en las plazas delanteras, como <strong>Castro, Gonz\u00e1lez o Serrat,<\/strong> mientras que <strong>Mantec\u00f3n<\/strong> y <strong>Baxter<\/strong> ced\u00edan unos segundos.<\/p>\n\n\n\n<p>Ser\u00eda cuesti\u00f3n de tiempo que se juntaran todos los deportistas al paso por el ecuador del ciclismo, por lo que la carrera a pie iba a ser decisiva.<\/p>\n\n\n\n<p>Luego de una T2 muy disputada -pues el grupo de cabeza era enorme- los corredores m\u00e1s fuertes han tomado distancia respecto al resto.<\/p>\n\n\n\n<p>Mantec\u00f3n se mostraba muy bravo gracias al \u00e1nimo del p\u00fablico (corr\u00eda en casa), y no solo cazar\u00eda la cabeza sino que se pondr\u00eda a tirar de <strong>Tom Richard, Sergio Baxter, Dorian Coninx, Alberto Gonz\u00e1lez y Antonio Serrat.<\/strong><\/p>\n\n\n\n<p>Finalmente, el franc\u00e9s se mostrar\u00eda m\u00e1s fuerte en los kil\u00f3metros finales, soltando a <strong>Serrat<\/strong> y <strong>Mantec\u00f3n<\/strong>, que se jugar\u00edan en la alfombra azul las medallas.<\/p>\n\n\n\n<p><strong>Baxter <\/strong>se lleva el chocolate, mientras que<strong> Alberto Gonz\u00e1lez<\/strong> es 6\u00ba del Europeo, ambos con otra genial carrera.<\/p>\n\n\n\n<h3 class=\"wp-block-heading\">Mujeres<\/h3>\n\n\n\n<p>En categor\u00eda femenina, la Campeona de Europa ha sido Julie Derron, con un crono de  1:51:42, seguida de la alemana <strong>Annika Cosh<\/strong>, entrando a 25\u201d, mientras que la brit\u00e1nica <strong>Sian Rainsley<\/strong> ha copado el podio a 36\u201d<\/p>\n\n\n\n<p><strong>Marta Pintanel<\/strong> ha sido nuestra mejor representante con una 21\u00aa posici\u00f3n despu\u00e9s de una gran remontada a pie. Su parcial de carrera ha sido de 36:00, uno de los m\u00e1s r\u00e1pidos de la jornada.<\/p>\n\n\n\n<p><strong>Tous<\/strong> 28\u00aa, <strong>Arenal<\/strong> 33\u00aa, <strong>Guerrero<\/strong> 39\u00aa y <strong>Hidalgo<\/strong> 41\u00aa.<\/p>\n\n\n\n<p>Resultados <a href=\"https:\/\/www.triathlon.org\/results\/result\/2021_europe_triathlon_championships_valencia\/496014\" rel=\"nofollow noopener\" target=\"_blank\">aqu\u00ed<\/a><\/p>\n","protected":false},"excerpt":{"rendered":"<p>Genial resultado para la TriArmada, con Dorian Coninx como \u00fanico triatleta superior en Valencia Hombres Una nataci\u00f3n que, a priori, tendr\u00eda que haber roto la carrera al ser liderada por Richard Varga. Sin embargo, tras los 1500m, tan solo 39\u201d separaban el primer del segundo grupo, por lo que se auguraba una bici de paseo. [&hellip;]<\/p>\n","protected":false},"author":309,"featured_media":75692,"comment_status":"closed","ping_status":"closed","sticky":false,"template":"","format":"standard","meta":{"_acf_changed":false,"rank_math_lock_modified_date":false,"footnotes":""},"categories":[17,19],"tags":[],"class_list":{"0":"post-75693","1":"post","2":"type-post","3":"status-publish","4":"format-standard","5":"has-post-thumbnail","7":"category-actualidad","8":"category-competiciones"},"acf":[],"_links":{"self":[{"href":"https:\/\/miurltemporal.com/main/triatletasenred.sport.es\/wp-json\/wp\/v2\/posts\/75693"}],"collection":[{"href":"https:\/\/miurltemporal.com/main/triatletasenred.sport.es\/wp-json\/wp\/v2\/posts"}],"about":[{"href":"https:\/\/miurltemporal.com/main/triatletasenred.sport.es\/wp-json\/wp\/v2\/types\/post"}],"author":[{"embeddable":true,"href":"https:\/\/miurltemporal.com/main/triatletasenred.sport.es\/wp-json\/wp\/v2\/users\/309"}],"replies":[{"embeddable":true,"href":"https:\/\/miurltemporal.com/main/triatletasenred.sport.es\/wp-json\/wp\/v2\/comments?post=75693"}],"version-history":[{"count":2,"href":"https:\/\/miurltemporal.com/main/triatletasenred.sport.es\/wp-json\/wp\/v2\/posts\/75693\/revisions"}],"predecessor-version":[{"id":75695,"href":"https:\/\/miurltemporal.com/main/triatletasenred.sport.es\/wp-json\/wp\/v2\/posts\/75693\/revisions\/75695"}],"wp:featuredmedia":[{"embeddable":true,"href":"https:\/\/miurltemporal.com/main/triatletasenred.sport.es\/wp-json\/wp\/v2\/media\/75692"}],"wp:attachment":[{"href":"https:\/\/miurltemporal.com/main/triatletasenred.sport.es\/wp-json\/wp\/v2\/media?parent=75693"}],"wp:term":[{"taxonomy":"category","embeddable":true,"href":"https:\/\/miurltemporal.com/main/triatletasenred.sport.es\/wp-json\/wp\/v2\/categories?post=75693"},{"taxonomy":"post_tag","embeddable":true,"href":"https:\/\/miurltemporal.com/main/triatletasenred.sport.es\/wp-json\/wp\/v2\/tags?post=75693"}],"curies":[{"name":"wp","href":"https:\/\/api.w.org\/{rel}","templated":true}]}}