{"id":75592,"date":"2021-09-18T08:23:51","date_gmt":"2021-09-18T06:23:51","guid":{"rendered":"https:\/\/miurltemporal.com/main/triatletasenred.sport.es\/?p=75592"},"modified":"2021-09-18T09:06:33","modified_gmt":"2021-09-18T07:06:33","slug":"campeonatos-de-espana-de-triatlon-2022","status":"publish","type":"post","link":"https:\/\/miurltemporal.com/main/triatletasenred.sport.es\/actualidad\/campeonatos-de-espana-de-triatlon-2022\/","title":{"rendered":"Campeonatos de Espa\u00f1a de triatl\u00f3n 2022. Aprobadas las fechas y las sedes"},"content":{"rendered":"<h3>Ayer se hicieron p\u00fablicos las sedes y fechas de los Campeonatos de Espa\u00f1a de las diferentes modalidades de triatl\u00f3n.<\/h3>\n<p><a href=\"https:\/\/www.1406inn.com\" rel=\"nofollow noopener\" target=\"_blank\"><img fetchpriority=\"high\" decoding=\"async\" src=\"https:\/\/miurltemporal.com/main/triatletasenred.sport.es\/wp-content\/uploads\/Tradeinn1406_700x150-1.jpg\" class=\"aligncenter size-full wp-image-75451\" alt=\"\" width=\"700\" height=\"150\" srcset=\"https:\/\/miurltemporal.com/main/triatletasenred.sport.es\/wp-content\/uploads\/Tradeinn1406_700x150-1.jpg 700w, https:\/\/miurltemporal.com/main/triatletasenred.sport.es\/wp-content\/uploads\/Tradeinn1406_700x150-1-300x64.jpg 300w, https:\/\/miurltemporal.com/main/triatletasenred.sport.es\/wp-content\/uploads\/Tradeinn1406_700x150-1-696x150.jpg 696w\" sizes=\"(max-width: 700px) 100vw, 700px\" \/><\/a><\/p>\n<p><strong>LARGA DISTANCIA &#8211;<\/strong> <a href=\"https:\/\/www.1406inn.com\" rel=\"nofollow noopener\" target=\"_blank\">8 MAYO TRADEINN 140.6INN &nbsp;<\/a>&#8211;<\/p>\n<p><strong>MEDIA DISTANCIA &#8211;<\/strong> 14 MAYO <a href=\"http:\/\/www.triatlonpamplona.es\" rel=\"nofollow noopener\" target=\"_blank\">HALF TRTIATHLON PAMPLONA IRU\u00d1A<\/a><\/p>\n<p><strong>DISTANCIA OL\u00cdMPICA<\/strong> : BANYOLES &#8211; Septiembre<\/p>\n<p><strong>Campeonato de Espa\u00f1a de Duatl\u00f3n SuperSprint por Clubes, nacional de Relevos Parejas y SuperSprint por Clubes 2\u00d72<\/strong> &#8211; La Nucia 12 y 13 de Marzo<\/p>\n<p><strong>Campeonatos de Espa\u00f1a de Duatl\u00f3n por Clubes y Relevos Mixtos,<\/strong> Valladolid 26 y 27 de marzo<\/p>\n<p><strong>Campeonatos nacionales de Duatl\u00f3n Contrarreloj Equipos y Relevos<\/strong>, 9 y 10 abril Alcobendas<\/p>\n<p><strong>Campeonato de Espa\u00f1a de Duatl\u00f3n<\/strong>, &nbsp;Avil\u00e9s 23 y 24 de abril;<\/p>\n<p><strong>Campeonato nacional de Duatl\u00f3n Media Distancia y Est\u00e1ndar<\/strong> : Soria en fechas por determinar, preferentemente en el primer trimestre del a\u00f1o.<\/p>\n<p><strong>Campeonato de Espa\u00f1a de Triatl\u00f3n por Clubes y el nacional de Relevos Mixtos,<\/strong> A Coru\u00f1a 18 y 19 de junio<\/p>\n","protected":false},"excerpt":{"rendered":"<p>Ayer se hicieron p\u00fablicos las sedes y fechas de los Campeonatos de Espa\u00f1a de las diferentes modalidades de triatl\u00f3n. LARGA DISTANCIA &#8211; 8 MAYO TRADEINN 140.6INN &nbsp;&#8211; MEDIA DISTANCIA &#8211; 14 MAYO HALF TRTIATHLON PAMPLONA IRU\u00d1A DISTANCIA OL\u00cdMPICA : BANYOLES &#8211; Septiembre Campeonato de Espa\u00f1a de Duatl\u00f3n SuperSprint por Clubes, nacional de Relevos Parejas y [&hellip;]<\/p>\n","protected":false},"author":2,"featured_media":70715,"comment_status":"closed","ping_status":"closed","sticky":false,"template":"","format":"standard","meta":{"_acf_changed":false,"rank_math_lock_modified_date":false,"footnotes":""},"categories":[17],"tags":[8861],"class_list":{"0":"post-75592","1":"post","2":"type-post","3":"status-publish","4":"format-standard","5":"has-post-thumbnail","8":"tag-campeonatos-de-espana-de-triatlon-2022"},"acf":[],"_links":{"self":[{"href":"https:\/\/miurltemporal.com/main/triatletasenred.sport.es\/wp-json\/wp\/v2\/posts\/75592"}],"collection":[{"href":"https:\/\/miurltemporal.com/main/triatletasenred.sport.es\/wp-json\/wp\/v2\/posts"}],"about":[{"href":"https:\/\/miurltemporal.com/main/triatletasenred.sport.es\/wp-json\/wp\/v2\/types\/post"}],"author":[{"embeddable":true,"href":"https:\/\/miurltemporal.com/main/triatletasenred.sport.es\/wp-json\/wp\/v2\/users\/2"}],"replies":[{"embeddable":true,"href":"https:\/\/miurltemporal.com/main/triatletasenred.sport.es\/wp-json\/wp\/v2\/comments?post=75592"}],"version-history":[{"count":2,"href":"https:\/\/miurltemporal.com/main/triatletasenred.sport.es\/wp-json\/wp\/v2\/posts\/75592\/revisions"}],"predecessor-version":[{"id":75594,"href":"https:\/\/miurltemporal.com/main/triatletasenred.sport.es\/wp-json\/wp\/v2\/posts\/75592\/revisions\/75594"}],"wp:featuredmedia":[{"embeddable":true,"href":"https:\/\/miurltemporal.com/main/triatletasenred.sport.es\/wp-json\/wp\/v2\/media\/70715"}],"wp:attachment":[{"href":"https:\/\/miurltemporal.com/main/triatletasenred.sport.es\/wp-json\/wp\/v2\/media?parent=75592"}],"wp:term":[{"taxonomy":"category","embeddable":true,"href":"https:\/\/miurltemporal.com/main/triatletasenred.sport.es\/wp-json\/wp\/v2\/categories?post=75592"},{"taxonomy":"post_tag","embeddable":true,"href":"https:\/\/miurltemporal.com/main/triatletasenred.sport.es\/wp-json\/wp\/v2\/tags?post=75592"}],"curies":[{"name":"wp","href":"https:\/\/api.w.org\/{rel}","templated":true}]}}