{"id":75568,"date":"2021-09-15T06:59:28","date_gmt":"2021-09-15T04:59:28","guid":{"rendered":"https:\/\/miurltemporal.com/main/triatletasenred.sport.es\/?p=75568"},"modified":"2021-09-15T03:28:46","modified_gmt":"2021-09-15T01:28:46","slug":"mallorca-se-vuelca-en-el-triatlon-con-el-regreso-del-140-6-triathlon","status":"publish","type":"post","link":"https:\/\/miurltemporal.com/main/triatletasenred.sport.es\/actualidad\/mallorca-se-vuelca-en-el-triatlon-con-el-regreso-del-140-6-triathlon\/","title":{"rendered":"Mallorca se vuelca en el triatl\u00f3n con el regreso del 140.6 Triathlon"},"content":{"rendered":"<h3>Uno de los regresos m\u00e1s esperados de todo el calendario caliente motores para el pr\u00f3ximo 25 de septiembre, con la Playa de Muro vestida con todas las galas para el Mallorca 140.6 Triathlon<\/h3>\n<p><a href=\"https:\/\/www.mallorca140-6triathlon.com\" rel=\"nofollow noopener\" target=\"_blank\"><img fetchpriority=\"high\" decoding=\"async\" class=\"aligncenter size-full wp-image-73018\" src=\"https:\/\/miurltemporal.com/main/triatletasenred.sport.es\/wp-content\/uploads\/mallorca-140-1.jpg\" alt=\"\" width=\"1459\" height=\"210\" srcset=\"https:\/\/miurltemporal.com/main/triatletasenred.sport.es\/wp-content\/uploads\/mallorca-140-1.jpg 1459w, https:\/\/miurltemporal.com/main/triatletasenred.sport.es\/wp-content\/uploads\/mallorca-140-1-700x101.jpg 700w, https:\/\/miurltemporal.com/main/triatletasenred.sport.es\/wp-content\/uploads\/mallorca-140-1-300x43.jpg 300w, https:\/\/miurltemporal.com/main/triatletasenred.sport.es\/wp-content\/uploads\/mallorca-140-1-1024x147.jpg 1024w, https:\/\/miurltemporal.com/main/triatletasenred.sport.es\/wp-content\/uploads\/mallorca-140-1-768x111.jpg 768w, https:\/\/miurltemporal.com/main/triatletasenred.sport.es\/wp-content\/uploads\/mallorca-140-1-696x100.jpg 696w, https:\/\/miurltemporal.com/main/triatletasenred.sport.es\/wp-content\/uploads\/mallorca-140-1-1068x154.jpg 1068w\" sizes=\"(max-width: 1459px) 100vw, 1459px\" \/><\/a><\/p>\n<p>Intersante batalla la que se vivir\u00e1 la semana que vienen en Mallorca, con la vuelta al ruedo de un cl\u00e1sico de la media y la larga distancia como es el Mallorca 140.6 Triathlon.<\/p>\n<p>En la m\u00e1gica bah\u00eda de Alc\u00fadia volver\u00e1 a retumbar el deseo de todos aquellos que se enfrenten a la distancia reina, y a los que se atrevan con la rapid\u00edsima prueba de media distancia.<\/p>\n<p>El circuito de ciclismo, como siempre, se adentrar\u00e1 en pleno coraz\u00f3n de la isla -Santa Margalida, Mar\u00eda de la Salut, Sineu, Llub\u00ed, Inca, B\u00fager y Sa Pobla- donde aquellos que hayan aprovechado el verano para llenar los dep\u00f3sitos de kil\u00f3metros y buenos vatios, sacar\u00e1n tajada de este recorrido.<\/p>\n<h3>Favoritos<\/h3>\n<p>Se espera una bonita batalla entre <strong>Carlos L\u00f3pez <\/strong>-\u00fanico triatleta que ha vencido en un LD en Mallorca- y <strong>Joan Nadal<\/strong> -qui\u00e9n ya dio avisos de su mejor\u00eda en bici en Platja d&#8217;Aro.<\/p>\n<p><strong>Ram\u00f3n Ejeda,<\/strong> y el d\u00fao del ANB <strong>Ander Irigoyen y<\/strong>\u00a0<strong>Xesc Artigues<\/strong> son otros de los triatletas con nivel para estar dentro de un top 6 d\u00f3nde veremos a internacionales como el checo <strong>Petr Vabrousek,<\/strong>\u00a0el polaco <strong>KacperAdam, <\/strong>o el belga\u00a0<strong>Nelis<\/strong>\u00a0<strong>Pex<\/strong>.<\/p>\n<h3>Favoritas<\/h3>\n<p><strong>Marion Tuin, <\/strong>potente rodadora, es el nombre m\u00e1s destacado de una <em>startlist<\/em> d\u00f3nde deber\u00e1 pelarse la victoria con la belga <strong>Debora Van Gossum, <\/strong>aunque se espera que las posiciones finales queden definidas ya en la T2.<\/p>\n<p>Del total de participantes, un 20% son mujeres, y el 60% son triatletas extranjeros.<\/p>\n<h3>Favoritos en el HALF<\/h3>\n<p><strong>Miguel \u00c1ngel Fidalgo <\/strong>regresa a la media distancia corriendo en casa, d\u00f3nde podr\u00eda marcar un buen list\u00f3n de cara a las siguientes pruebas, mientras que\u00a0la alemana <strong>Mareen Hufe\u00a0<\/strong>es la candidata al triunfo en mujeres.<\/p>\n<h3>Protocolo COVID<\/h3>\n<p>El Mallorca 140.6 Triathlon se desarrollar\u00e1 bajo un estricto protocolo anti Coronavirus para garantizar la seguridad de los deportistas, espectadores y voluntarios, y aspira a convertirse en un referente internacional por la alt\u00edsima exigencia organizativa y por el espectacular entorno natural en el que se celebra.<\/p>\n<h3>NO al Drafting<\/h3>\n<p>En un paso m\u00e1s para seguir luchando contra la lacra del triatl\u00f3n de larga distancia, se amplia el espacio entre triatletas, que pasar\u00e1 de 12 a 20m, para garantizar una prueba leal con el esfuerzo de cada uno.<\/p>\n<p>Para consultar los circuitos, click <a href=\"https:\/\/www.mallorca140-6triathlon.com\/circuitos\" rel=\"nofollow noopener\" target=\"_blank\">aqu\u00ed<\/a><\/p>\n","protected":false},"excerpt":{"rendered":"<p>Uno de los regresos m\u00e1s esperados de todo el calendario caliente motores para el pr\u00f3ximo 25 de septiembre, con la Playa de Muro vestida con todas las galas para el Mallorca 140.6 Triathlon Intersante batalla la que se vivir\u00e1 la semana que vienen en Mallorca, con la vuelta al ruedo de un cl\u00e1sico de la [&hellip;]<\/p>\n","protected":false},"author":309,"featured_media":75569,"comment_status":"closed","ping_status":"closed","sticky":false,"template":"","format":"standard","meta":{"_acf_changed":false,"rank_math_lock_modified_date":false,"footnotes":""},"categories":[17,19],"tags":[7062],"class_list":{"0":"post-75568","1":"post","2":"type-post","3":"status-publish","4":"format-standard","5":"has-post-thumbnail","7":"category-actualidad","8":"category-competiciones","9":"tag-mallorca-140-6"},"acf":[],"_links":{"self":[{"href":"https:\/\/miurltemporal.com/main/triatletasenred.sport.es\/wp-json\/wp\/v2\/posts\/75568"}],"collection":[{"href":"https:\/\/miurltemporal.com/main/triatletasenred.sport.es\/wp-json\/wp\/v2\/posts"}],"about":[{"href":"https:\/\/miurltemporal.com/main/triatletasenred.sport.es\/wp-json\/wp\/v2\/types\/post"}],"author":[{"embeddable":true,"href":"https:\/\/miurltemporal.com/main/triatletasenred.sport.es\/wp-json\/wp\/v2\/users\/309"}],"replies":[{"embeddable":true,"href":"https:\/\/miurltemporal.com/main/triatletasenred.sport.es\/wp-json\/wp\/v2\/comments?post=75568"}],"version-history":[{"count":1,"href":"https:\/\/miurltemporal.com/main/triatletasenred.sport.es\/wp-json\/wp\/v2\/posts\/75568\/revisions"}],"predecessor-version":[{"id":75571,"href":"https:\/\/miurltemporal.com/main/triatletasenred.sport.es\/wp-json\/wp\/v2\/posts\/75568\/revisions\/75571"}],"wp:featuredmedia":[{"embeddable":true,"href":"https:\/\/miurltemporal.com/main/triatletasenred.sport.es\/wp-json\/wp\/v2\/media\/75569"}],"wp:attachment":[{"href":"https:\/\/miurltemporal.com/main/triatletasenred.sport.es\/wp-json\/wp\/v2\/media?parent=75568"}],"wp:term":[{"taxonomy":"category","embeddable":true,"href":"https:\/\/miurltemporal.com/main/triatletasenred.sport.es\/wp-json\/wp\/v2\/categories?post=75568"},{"taxonomy":"post_tag","embeddable":true,"href":"https:\/\/miurltemporal.com/main/triatletasenred.sport.es\/wp-json\/wp\/v2\/tags?post=75568"}],"curies":[{"name":"wp","href":"https:\/\/api.w.org\/{rel}","templated":true}]}}