{"id":75561,"date":"2021-09-14T14:36:14","date_gmt":"2021-09-14T12:36:14","guid":{"rendered":"https:\/\/miurltemporal.com/main/triatletasenred.sport.es\/?p=75561"},"modified":"2021-09-14T14:36:14","modified_gmt":"2021-09-14T12:36:14","slug":"canyon-estara-apoyando-la-prestigiosa-sea-otter-europe-con-70-bicis-para-testar","status":"publish","type":"post","link":"https:\/\/miurltemporal.com/main/triatletasenred.sport.es\/actualidad\/canyon-estara-apoyando-la-prestigiosa-sea-otter-europe-con-70-bicis-para-testar\/","title":{"rendered":"Canyon estar\u00e1 apoyando la prestigiosa Sea Otter Europe con 70 bicis para testar"},"content":{"rendered":"<h3>La Sea Otter Europe regresa a la provincia de Girona y Canyon, patrocinador de este evento internacional estar\u00e1 muy presente en el evento<\/h3>\n<p><a href=\"https:\/\/www.canyon.com\/es-es\/road-bikes\/triathlon-bikes\/speedmax\/cf\/?utm_medium=special-interest-online&amp;utm_source=triatletasenred&amp;utm_campaign=c0620-bike_push_speedmaxcf\" rel=\"nofollow noopener\" target=\"_blank\"><img fetchpriority=\"high\" decoding=\"async\" class=\"aligncenter size-full wp-image-74946\" src=\"https:\/\/miurltemporal.com/main/triatletasenred.sport.es\/wp-content\/uploads\/bannerCanyon_750.gif\" alt=\"\" width=\"700\" height=\"150\" \/><\/a><\/p>\n<p><strong>Los d\u00edas 24, 25 y 26 de septiembre, se celebra la Sea Otter Europe<\/strong> con un sinf\u00edn de actividades y eventos que inundar\u00e1n de ciclismo la ciudad de Girona y la provincia para uso y disfrute de los amantes del ciclismo en todas sus versiones.<\/p>\n<p>Dentro de las acciones Canyon, la marca que apoya a triatletas como Jan Frodeno o Lionel Sanders desplazara a la expo hasta 70 bicicletas para que los usuarios puedan testar sobre el terreno. Desde su famosa l\u00ednea de gravel hasta las cada vez m\u00e1s populares bicis el\u00e9ctricas estar\u00e1n a disposici\u00f3n de los m\u00e1s curiosos ciclistas.<\/p>\n<p>Para reservar tu bici de test basta con hacer clic en el siguiente enlace:<\/p>\n<p><span class=\"td_btn td_btn_md td_default_btn\" style=\"color: #ffffff;\"><a style=\"color: #ffffff;\" href=\"http:\/\/seaottereurope.reservetonessai.fr\/#\/concess\/11679714\" rel=\"nofollow noopener\" target=\"_blank\">RESERVA TU BICI DE TEST<\/a><\/span><\/p>\n<h3>Adem\u00e1s puedes participar aqu\u00ed y ahora en el sorteo de esta exclusiva\u00a0Canyon Grizl CF SL 6 y accesorios para tus salidas gravel!<\/p>\n<p><span class=\"td_btn td_btn_md td_default_btn\" style=\"color: #ffffff;\"><\/span><\/h3>\n<p>&nbsp;<\/p>\n<p>&nbsp;<\/p>\n<p><iframe width=\"560\" height=\"315\" src=\"https:\/\/www.youtube.com\/embed\/AUARy7tCy3w\" title=\"YouTube video player\" frameborder=\"0\" allow=\"accelerometer; autoplay; clipboard-write; encrypted-media; gyroscope; picture-in-picture\" allowfullscreen><\/iframe><\/p>\n","protected":false},"excerpt":{"rendered":"<p>La Sea Otter Europe regresa a la provincia de Girona y Canyon, patrocinador de este evento internacional estar\u00e1 muy presente en el evento Los d\u00edas 24, 25 y 26 de septiembre, se celebra la Sea Otter Europe con un sinf\u00edn de actividades y eventos que inundar\u00e1n de ciclismo la ciudad de Girona y la provincia [&hellip;]<\/p>\n","protected":false},"author":2,"featured_media":75562,"comment_status":"closed","ping_status":"closed","sticky":false,"template":"","format":"standard","meta":{"_acf_changed":false,"rank_math_lock_modified_date":false,"footnotes":""},"categories":[17],"tags":[8858,8857],"class_list":{"0":"post-75561","1":"post","2":"type-post","3":"status-publish","4":"format-standard","5":"has-post-thumbnail","7":"category-actualidad","8":"tag-canyon-sea-otter","9":"tag-sea-otter-europe-2021"},"acf":[],"_links":{"self":[{"href":"https:\/\/miurltemporal.com/main/triatletasenred.sport.es\/wp-json\/wp\/v2\/posts\/75561"}],"collection":[{"href":"https:\/\/miurltemporal.com/main/triatletasenred.sport.es\/wp-json\/wp\/v2\/posts"}],"about":[{"href":"https:\/\/miurltemporal.com/main/triatletasenred.sport.es\/wp-json\/wp\/v2\/types\/post"}],"author":[{"embeddable":true,"href":"https:\/\/miurltemporal.com/main/triatletasenred.sport.es\/wp-json\/wp\/v2\/users\/2"}],"replies":[{"embeddable":true,"href":"https:\/\/miurltemporal.com/main/triatletasenred.sport.es\/wp-json\/wp\/v2\/comments?post=75561"}],"version-history":[{"count":1,"href":"https:\/\/miurltemporal.com/main/triatletasenred.sport.es\/wp-json\/wp\/v2\/posts\/75561\/revisions"}],"predecessor-version":[{"id":75563,"href":"https:\/\/miurltemporal.com/main/triatletasenred.sport.es\/wp-json\/wp\/v2\/posts\/75561\/revisions\/75563"}],"wp:featuredmedia":[{"embeddable":true,"href":"https:\/\/miurltemporal.com/main/triatletasenred.sport.es\/wp-json\/wp\/v2\/media\/75562"}],"wp:attachment":[{"href":"https:\/\/miurltemporal.com/main/triatletasenred.sport.es\/wp-json\/wp\/v2\/media?parent=75561"}],"wp:term":[{"taxonomy":"category","embeddable":true,"href":"https:\/\/miurltemporal.com/main/triatletasenred.sport.es\/wp-json\/wp\/v2\/categories?post=75561"},{"taxonomy":"post_tag","embeddable":true,"href":"https:\/\/miurltemporal.com/main/triatletasenred.sport.es\/wp-json\/wp\/v2\/tags?post=75561"}],"curies":[{"name":"wp","href":"https:\/\/api.w.org\/{rel}","templated":true}]}}