{"id":75549,"date":"2021-09-14T07:00:55","date_gmt":"2021-09-14T05:00:55","guid":{"rendered":"https:\/\/miurltemporal.com/main/triatletasenred.sport.es\/?p=75549"},"modified":"2021-09-14T04:24:15","modified_gmt":"2021-09-14T02:24:15","slug":"favoritos-st-george-70-3","status":"publish","type":"post","link":"https:\/\/miurltemporal.com/main/triatletasenred.sport.es\/actualidad\/favoritos-st-george-70-3\/","title":{"rendered":"Los favoritos para el Mundial 70.3, la CARRERA del A\u00d1O"},"content":{"rendered":"<h3>Venidos de todos los rincones del planeta, y despu\u00e9s de participar en infinidad de formatos diferentes, los triatletas m\u00e1s en forma del momento competir\u00e1n este s\u00e1bado 18 para nombrar a los dos Campeones Mundiales de 70.3<\/h3>\n<p><\/a><\/p>\n<p>Este fin de semana ser\u00e1 el turno para el primero de los dos Mundiales seguidos que se van a disputar en St.George, despu\u00e9s de que el escenario de Nueva Zelanda fuese descartado por motivos de seguridad p\u00fablica.<\/p>\n<p>Con la cancelaci\u00f3n de Kona, el Mundial de 70.3 se presenta como la gran carrera del a\u00f1o (despu\u00e9s de que la Collins Cup se llevase el gran bombo medi\u00e1tico, pero se descafeinase en el momento de la competici\u00f3n).<\/p>\n<p>Si bien es cierto que existe la posibilidad de que algunos atletas que provengan de Australia, Nueva Zelanda o Europa no pueden desplazarse a tierras norteamericanas, lo m\u00e1s seguro es que el 99% de la <em>startlist<\/em> est\u00e9 el s\u00e1bado dispuesta a darlo todo.<\/p>\n<p>Con el Campeonato Mundial Ironman 2021 en Kona pospuesto de octubre a febrero del pr\u00f3ximo a\u00f1o, el Campeonato Mundial 70.3 es el principal t\u00edtulo mundial de largo recorrido en juego este oto\u00f1o, y las listas de salida publicadas por Ironman la semana pasada muestran un campo profundo de alrededor el mundo. (Aunque con las restricciones de viaje de COVID vigentes, es posible que algunos atletas de Europa, Australia y Nueva Zelanda no puedan ingresar al pa\u00eds).<\/p>\n<h3>Favoritos<\/h3>\n<ul>\n<li><strong>Gustav Iden: <\/strong>El vigente Campe\u00f3n del Mundo lo tiene todo para revalidar su t\u00edtulo.<\/li>\n<\/ul>\n<p>Un hombre que maneja como nadie la presi\u00f3n, y que es capaz de leer a la perfecci\u00f3n las carreras, mezcla perfecta para volar el d\u00eda D.<\/p>\n<ul>\n<li><strong>Kristian Blummenfelt: <\/strong>El \u00fanico triatleta con nivel suficiente para toserle a Iden.<\/li>\n<\/ul>\n<p>Sus exhibiciones en Tokio y Edmonton hacen pensar que quiz\u00e1s anticip\u00f3 un poco su pico de forma y puede llegar algo m\u00e1s cansado que su compa\u00f1ero de selecci\u00f3n. Sin embargo, nada es imposible para &#8216;el Toro&#8217;.<\/p>\n<ul>\n<li><strong>\u00a0Ben Kanute:\u00a0<\/strong>La gran esperanza local juega siempre su mejor carta en el Mundial, veremos d\u00f3nde le deja este a\u00f1o.<\/li>\n<li><strong>Daniel Baekkegard:\u00a0<\/strong>Pocos triatletas compiten tantas veces y con un rendimiento tan regular como el del dan\u00e9s. Veremos si las tablas le dan para colarse en el podio.<\/li>\n<li><strong>Sam Long:\u00a0<\/strong>El joven triatleta de Boulder quiere seguir con su senda hacia pelear de t\u00fa a t\u00fa con los mejores del mundo. Su nataci\u00f3n est\u00e1 tres puntos por debajo del resto, pero&#8230; Es <strong>Sam Long,<\/strong> y es probable que veamos una remontada \u00e9pica.<\/li>\n<\/ul>\n<h3>Favoritas<\/h3>\n<ul>\n<li><strong>Daniela Ryf:\u00a0<\/strong>Bastar\u00eda con poner su nombre para saber que se trata de la tirana del triatl\u00f3n, inquebrantable en cualquiera de las tres disciplinas y con un rendimiento intachable este 2021.<\/li>\n<li><strong>Lucy Charles:\u00a0<\/strong>Veremos si su paso por la F\u00f3rmula 1 del triatl\u00f3n le ha hecho subir un punto m\u00e1s en su capacidad a pie, por lo que se espera que sea la \u00faltima en plantarle cara a <strong>Ryf<\/strong> en un 1vs1.<\/li>\n<li>\u00a0<strong>Holly Lawrence:<\/strong> A pesar de tener algunos altibajos, la brit\u00e1nica tiene en sus piernas el r\u00e9cord del mundo de la distancia, por lo que siempre es una candidata al triunfo.<\/li>\n<li><strong>Emma Pallant:\u00a0<\/strong>Su tremendo nivel a pie puede hacer temblar a cualquiera de las tres grandes para colarse en el podio<\/li>\n<li><strong>Paula Findlay:\u00a0<\/strong>Desde su recital en Daytona, Findlay es siempre candidata a todo, sea cu\u00e1l sea el nivel de la lista de salida.<\/li>\n<\/ul>\n<h3>Grandes ausentes<\/h3>\n<ul>\n<li><strong>Flora Duffy:\u00a0<\/strong>La flamante campeona ol\u00edmpica ha declarado que el ajetreo post Tokio no le ha permitido entrenar y descansar lo suficiente para estar en condiciones \u00f3ptimas. (recientemente, el d\u00eda 18 de julio fue nombrado Fiesta Nacional en Bermudas, en su honor.)<\/li>\n<li><strong>Jan Frodeno<\/strong>: El mejor triatleta sin drafting de todos los tiempos se perder\u00e1 la cita mundial despu\u00e9s de no obtener la plaza para St. George, aunque se insin\u00faa que podr\u00eda correr IM California el pr\u00f3ximo 24 de octubre.<\/li>\n<li><strong>Anne Haug<\/strong> y <strong>Patrick Lange:\u00a0<\/strong>Ambos triatletas anunciaron que no estar\u00e1n en St. George, despu\u00e9s de su exhibici\u00f3n en Challenge Roth.<\/li>\n<li><strong>Alistair Brownlee:<\/strong> Recientemente se ha sometido a una cirug\u00eda en el pie, adem\u00e1s de su particular reto de gravel<\/li>\n<li><strong>Javi G\u00f3mez Noya:<\/strong> El Capit\u00e1n se ha centrado en eventos m\u00e1s explosivos despu\u00e9s de Tokio<\/li>\n<li><strong>Sebastian Kienle:<\/strong> DNF en Roth debido a problemas en el Aquiles<\/li>\n<li><strong>Lionel Sanders:<\/strong> El canadiense quiere descansar el cuerpo luego de encadenar muchas carreras seguidas, pero estar\u00e1 en Chatanooga y California<\/li>\n<li><strong>Taylor Knibb:\u00a0<\/strong>Una pena no poder ver a una triatleta que -posiblemente- es la \u00fanica capaz de quitarle la corona a Ryf en la media distancia.<\/li>\n<\/ul>\n<p>Listados completos de salida, <a href=\"https:\/\/www.trirating.com\/70-3-world-championships-2021-st-george-sept-18th-seedings\/\" rel=\"nofollow noopener\" target=\"_blank\">aqu\u00ed.<\/a><\/p>\n","protected":false},"excerpt":{"rendered":"<p>Venidos de todos los rincones del planeta, y despu\u00e9s de participar en infinidad de formatos diferentes, los triatletas m\u00e1s en forma del momento competir\u00e1n este s\u00e1bado 18 para nombrar a los dos Campeones Mundiales de 70.3 Este fin de semana ser\u00e1 el turno para el primero de los dos Mundiales seguidos que se van a [&hellip;]<\/p>\n","protected":false},"author":309,"featured_media":75550,"comment_status":"closed","ping_status":"closed","sticky":false,"template":"","format":"standard","meta":{"_acf_changed":false,"rank_math_lock_modified_date":false,"footnotes":""},"categories":[17,19],"tags":[6445,8856],"class_list":{"0":"post-75549","1":"post","2":"type-post","3":"status-publish","4":"format-standard","5":"has-post-thumbnail","7":"category-actualidad","8":"category-competiciones","9":"tag-mundial-70-3","10":"tag-st-george"},"acf":[],"_links":{"self":[{"href":"https:\/\/miurltemporal.com/main/triatletasenred.sport.es\/wp-json\/wp\/v2\/posts\/75549"}],"collection":[{"href":"https:\/\/miurltemporal.com/main/triatletasenred.sport.es\/wp-json\/wp\/v2\/posts"}],"about":[{"href":"https:\/\/miurltemporal.com/main/triatletasenred.sport.es\/wp-json\/wp\/v2\/types\/post"}],"author":[{"embeddable":true,"href":"https:\/\/miurltemporal.com/main/triatletasenred.sport.es\/wp-json\/wp\/v2\/users\/309"}],"replies":[{"embeddable":true,"href":"https:\/\/miurltemporal.com/main/triatletasenred.sport.es\/wp-json\/wp\/v2\/comments?post=75549"}],"version-history":[{"count":2,"href":"https:\/\/miurltemporal.com/main/triatletasenred.sport.es\/wp-json\/wp\/v2\/posts\/75549\/revisions"}],"predecessor-version":[{"id":75553,"href":"https:\/\/miurltemporal.com/main/triatletasenred.sport.es\/wp-json\/wp\/v2\/posts\/75549\/revisions\/75553"}],"wp:featuredmedia":[{"embeddable":true,"href":"https:\/\/miurltemporal.com/main/triatletasenred.sport.es\/wp-json\/wp\/v2\/media\/75550"}],"wp:attachment":[{"href":"https:\/\/miurltemporal.com/main/triatletasenred.sport.es\/wp-json\/wp\/v2\/media?parent=75549"}],"wp:term":[{"taxonomy":"category","embeddable":true,"href":"https:\/\/miurltemporal.com/main/triatletasenred.sport.es\/wp-json\/wp\/v2\/categories?post=75549"},{"taxonomy":"post_tag","embeddable":true,"href":"https:\/\/miurltemporal.com/main/triatletasenred.sport.es\/wp-json\/wp\/v2\/tags?post=75549"}],"curies":[{"name":"wp","href":"https:\/\/api.w.org\/{rel}","templated":true}]}}