{"id":75533,"date":"2021-09-12T21:39:59","date_gmt":"2021-09-12T19:39:59","guid":{"rendered":"https:\/\/miurltemporal.com/main/triatletasenred.sport.es\/?p=75533"},"modified":"2021-09-12T21:39:59","modified_gmt":"2021-09-12T19:39:59","slug":"vincent-luis-y-jess-learmonth-vencen-la-super-league-de-munich","status":"publish","type":"post","link":"https:\/\/miurltemporal.com/main/triatletasenred.sport.es\/actualidad\/vincent-luis-y-jess-learmonth-vencen-la-super-league-de-munich\/","title":{"rendered":"Vincent Luis y Jess Learmonth vencen la Super League de Munich"},"content":{"rendered":"<h3>Segunda parada de la SLT en el Parque Ol\u00edmpico de Munich, disputando la prueba en formato &#8216;Equalizer&#8217;<\/h3>\n<p><img fetchpriority=\"high\" decoding=\"async\" class=\"aligncenter size-full wp-image-66903\" src=\"https:\/\/miurltemporal.com/main/triatletasenred.sport.es\/wp-content\/uploads\/Banner-Zone3-746x149px.gif\" alt=\"\" width=\"746\" height=\"149\" \/><\/p>\n<p>La contrarreloj individual de 300m &#8211; 1km &#8211; 800m servir\u00eda para definir las plazas de la segunda etapa, en las que los triatletas encadenar\u00edan dos rondas m\u00e1s de manera consecutiva, d\u00f3nde aquellos triatletas que pierdan mas de 90&#8243; en cada una de las transiciones, quedar\u00eda liquidado<\/p>\n<p><strong>Learmonth<\/strong> liderar\u00eda de principio a fin en el doble super sprint, despu\u00e9s de ceder algunos segundos en la crono. Su tiempo en meta es de 38:25<\/p>\n<p>La segunda plaza ser\u00eda para <strong>Georgia Taylor-Brown <\/strong>con 38:42\u00a0con <strong>Beth Potter<\/strong> logrando el triplete para Reino Unido, con un crono de 38:46.<\/p>\n<p><strong>Anna Godoy<\/strong> terminar\u00eda en 19\u00aa lugar eliminada.<\/p>\n<p>En la prueba masculina, se vivir\u00eda la alianza de\u00a0<strong>Jonathan Brownlee<\/strong>\u00a0y <strong>Vincent Luis<\/strong> durante toda la carrera, para que fuese el franc\u00e9s el m\u00e1s fuerte en el sector de carrera a pie final, con 34:45 y 34:46 al sprint. <strong>Alex<\/strong>\u00a0<strong>Yee<\/strong> es tercero a 3 segundos.<\/p>\n<p>Mario Mola entrar\u00eda el 16\u00ba en meta.<\/p>\n","protected":false},"excerpt":{"rendered":"<p>Segunda parada de la SLT en el Parque Ol\u00edmpico de Munich, disputando la prueba en formato &#8216;Equalizer&#8217; La contrarreloj individual de 300m &#8211; 1km &#8211; 800m servir\u00eda para definir las plazas de la segunda etapa, en las que los triatletas encadenar\u00edan dos rondas m\u00e1s de manera consecutiva, d\u00f3nde aquellos triatletas que pierdan mas de 90&#8243; [&hellip;]<\/p>\n","protected":false},"author":309,"featured_media":75534,"comment_status":"closed","ping_status":"closed","sticky":false,"template":"","format":"standard","meta":{"_acf_changed":false,"rank_math_lock_modified_date":false,"footnotes":""},"categories":[17],"tags":[299,7129,893,5368,4754],"class_list":{"0":"post-75533","1":"post","2":"type-post","3":"status-publish","4":"format-standard","5":"has-post-thumbnail","7":"category-actualidad","8":"tag-anna-godoy","9":"tag-jessica-learmonth","10":"tag-mario-mola","11":"tag-super-league-triathlon","12":"tag-vincent-luis"},"acf":[],"_links":{"self":[{"href":"https:\/\/miurltemporal.com/main/triatletasenred.sport.es\/wp-json\/wp\/v2\/posts\/75533"}],"collection":[{"href":"https:\/\/miurltemporal.com/main/triatletasenred.sport.es\/wp-json\/wp\/v2\/posts"}],"about":[{"href":"https:\/\/miurltemporal.com/main/triatletasenred.sport.es\/wp-json\/wp\/v2\/types\/post"}],"author":[{"embeddable":true,"href":"https:\/\/miurltemporal.com/main/triatletasenred.sport.es\/wp-json\/wp\/v2\/users\/309"}],"replies":[{"embeddable":true,"href":"https:\/\/miurltemporal.com/main/triatletasenred.sport.es\/wp-json\/wp\/v2\/comments?post=75533"}],"version-history":[{"count":1,"href":"https:\/\/miurltemporal.com/main/triatletasenred.sport.es\/wp-json\/wp\/v2\/posts\/75533\/revisions"}],"predecessor-version":[{"id":75535,"href":"https:\/\/miurltemporal.com/main/triatletasenred.sport.es\/wp-json\/wp\/v2\/posts\/75533\/revisions\/75535"}],"wp:featuredmedia":[{"embeddable":true,"href":"https:\/\/miurltemporal.com/main/triatletasenred.sport.es\/wp-json\/wp\/v2\/media\/75534"}],"wp:attachment":[{"href":"https:\/\/miurltemporal.com/main/triatletasenred.sport.es\/wp-json\/wp\/v2\/media?parent=75533"}],"wp:term":[{"taxonomy":"category","embeddable":true,"href":"https:\/\/miurltemporal.com/main/triatletasenred.sport.es\/wp-json\/wp\/v2\/categories?post=75533"},{"taxonomy":"post_tag","embeddable":true,"href":"https:\/\/miurltemporal.com/main/triatletasenred.sport.es\/wp-json\/wp\/v2\/tags?post=75533"}],"curies":[{"name":"wp","href":"https:\/\/api.w.org\/{rel}","templated":true}]}}