{"id":75415,"date":"2021-09-02T07:00:39","date_gmt":"2021-09-02T05:00:39","guid":{"rendered":"https:\/\/miurltemporal.com/main/triatletasenred.sport.es\/?p=75415"},"modified":"2021-09-02T02:57:17","modified_gmt":"2021-09-02T00:57:17","slug":"modificados-los-recorridos-del-ironman-vitoria-2021","status":"publish","type":"post","link":"https:\/\/miurltemporal.com/main/triatletasenred.sport.es\/actualidad\/modificados-los-recorridos-del-ironman-vitoria-2021\/","title":{"rendered":"Modificados los recorridos del Ironman Vitoria 2021"},"content":{"rendered":"<h3>El pr\u00f3ximo 12 de septiembre se disputar\u00e1 un at\u00edpico IM Vitoria, con el final de la carrera se trasladado al parking del Buesa Arena y toda la carrera a pie pasando por las Balsas de Salburua<\/h3>\n<p><\/a><\/p>\n<p>Entre esto y otra cancelaci\u00f3n, mil veces esto.<\/p>\n<p>El IM Vitoria no ser\u00e1 el mismo sin la inconmensurable ayuda que brindan los \u00e1nimos de todos los familiares, amigos, conocidos y desconocidos que se vuelcan en una prueba que se hace especial por si sola.<\/p>\n<p>Todos vibramos con la entrada de <strong>Eneko<\/strong> en 2019 -y el podio de <strong>Judith-<\/strong>, aunque este a\u00f1o los que sigan este evento tendr\u00e1n que conformarse con un entorno seguro, sin tanto p\u00fablico, pero de una calidad de paisaje notable.<\/p>\n<p>Igualmente, este a\u00f1o los PROs no correr\u00e1n en Vitoria, y el grueso de los triatletas se ha visto reducido en m\u00e1s de 1000 deportistas que permitir\u00e1n una carrera segura y controlada.<\/p>\n<div class=\"contenido-noticia noticia-new\">\n<div class=\"articulotexto\">\n<h3>As\u00ed quedan los circuitos<\/h3>\n<h4>Nataci\u00f3n<\/h4>\n<p>Los 3800m de nado a una vuelta permanecen intactos. El embalse de Ullibarri-Gamboa, en pleno coraz\u00f3n del Parque provincial de Landa, del que no se esperan grandes variaciones de temperatura a pesar de pasar de ser una prueba de agosto a setiembre.<\/p>\n<p><a href=\"https:\/\/www.gasteizhoy.com\/wp-content\/uploads\/2021\/08\/circuito-natacion-ironman-vitoria.png\" rel=\"nofollow noopener\" target=\"_blank\"><img decoding=\"async\" class=\"i-amphtml-fill-content i-amphtml-replaced-content\" title=\"circuito natacion ironman vitoria\" src=\"https:\/\/www.gasteizhoy.com\/wp-content\/uploads\/2021\/08\/circuito-natacion-ironman-vitoria-879x613.png\" sizes=\"(max-width: 879px) 100vw, 879px\" srcset=\"https:\/\/www.gasteizhoy.com\/wp-content\/uploads\/2021\/08\/circuito-natacion-ironman-vitoria-879x613.png 879w, https:\/\/www.gasteizhoy.com\/wp-content\/uploads\/2021\/08\/circuito-natacion-ironman-vitoria-350x244.png 350w, https:\/\/www.gasteizhoy.com\/wp-content\/uploads\/2021\/08\/circuito-natacion-ironman-vitoria-150x105.png 150w, https:\/\/www.gasteizhoy.com\/wp-content\/uploads\/2021\/08\/circuito-natacion-ironman-vitoria-768x536.png 768w, https:\/\/www.gasteizhoy.com\/wp-content\/uploads\/2021\/08\/circuito-natacion-ironman-vitoria-610x426.png 610w, https:\/\/www.gasteizhoy.com\/wp-content\/uploads\/2021\/08\/circuito-natacion-ironman-vitoria-64x45.png 64w, https:\/\/www.gasteizhoy.com\/wp-content\/uploads\/2021\/08\/circuito-natacion-ironman-vitoria-73x51.png 73w, https:\/\/www.gasteizhoy.com\/wp-content\/uploads\/2021\/08\/circuito-natacion-ironman-vitoria-190x133.png 190w, https:\/\/www.gasteizhoy.com\/wp-content\/uploads\/2021\/08\/circuito-natacion-ironman-vitoria.png 1178w\" alt=\"circuito natacion ironman vitoria 2021\" \/><\/a><\/p>\n<h4>Ciclismo<\/h4>\n<p>Los<strong>\u00a0180 kil\u00f3metros<\/strong> ser\u00e1n a tres vueltas, con las dos primeras rodando por la Llanada Alavesa, siempre cerca de la Sierra de Elguea.<\/p>\n<p>La \u00faltima, se acercar\u00e1 al borde del embalse Ullibarri-Gamboa, para entrar de lleno al Parque de Garaio y encarar la T2 que se ubicar\u00e1 en el Buesa Arena.<a href=\"https:\/\/www.gasteizhoy.com\/wp-content\/uploads\/2021\/08\/circuito-bici-ironman-vitoria.png\" rel=\"nofollow noopener\" target=\"_blank\"><img decoding=\"async\" class=\"i-amphtml-fill-content i-amphtml-replaced-content\" title=\"circuito bici ironman vitoria 2021\" src=\"https:\/\/www.gasteizhoy.com\/wp-content\/uploads\/2021\/08\/circuito-bici-ironman-vitoria-879x615.png\" sizes=\"(max-width: 879px) 100vw, 879px\" srcset=\"https:\/\/www.gasteizhoy.com\/wp-content\/uploads\/2021\/08\/circuito-bici-ironman-vitoria-879x615.png 879w, https:\/\/www.gasteizhoy.com\/wp-content\/uploads\/2021\/08\/circuito-bici-ironman-vitoria-350x245.png 350w, https:\/\/www.gasteizhoy.com\/wp-content\/uploads\/2021\/08\/circuito-bici-ironman-vitoria-150x105.png 150w, https:\/\/www.gasteizhoy.com\/wp-content\/uploads\/2021\/08\/circuito-bici-ironman-vitoria-768x537.png 768w, https:\/\/www.gasteizhoy.com\/wp-content\/uploads\/2021\/08\/circuito-bici-ironman-vitoria-610x426.png 610w, https:\/\/www.gasteizhoy.com\/wp-content\/uploads\/2021\/08\/circuito-bici-ironman-vitoria-64x45.png 64w, https:\/\/www.gasteizhoy.com\/wp-content\/uploads\/2021\/08\/circuito-bici-ironman-vitoria-73x51.png 73w, https:\/\/www.gasteizhoy.com\/wp-content\/uploads\/2021\/08\/circuito-bici-ironman-vitoria-190x133.png 190w, https:\/\/www.gasteizhoy.com\/wp-content\/uploads\/2021\/08\/circuito-bici-ironman-vitoria.png 1181w\" alt=\"circuito bici ironman vitoria 2021\" \/><\/a><\/p>\n<h4>Carrera a pie<\/h4>\n<p>Llega el gran cambio. Este a\u00f1o no veremos una Vitoria-Gasteiz abarrotada de p\u00fablico jadeando a los triatletas, a cambio, el entorno natural por el que discurrir\u00e1 la prueba es incre\u00edble.<\/p>\n<p>El <strong>Parque de Salburua <\/strong>y su encanto, tratar\u00e1n de hacer m\u00e1s ameno el paso de los kil\u00f3metros a pie, que eran m\u00e1s llevaderos con cada v\u00edtoro, aunque la situaci\u00f3n sanitaria haya obligado a adaptar casi el 100% del recorrido.<\/p>\n<p>As\u00ed pues, los triatletas completar\u00e1n 4 vueltas a un recorrido con inicio y fin el Buesa Arena.<a href=\"https:\/\/www.gasteizhoy.com\/wp-content\/uploads\/2021\/08\/circuito-running-ironman-vitoria.png\" rel=\"nofollow noopener\" target=\"_blank\"><img decoding=\"async\" class=\"i-amphtml-fill-content i-amphtml-replaced-content\" title=\"circuito running ironman vitoria\" src=\"https:\/\/www.gasteizhoy.com\/wp-content\/uploads\/2021\/08\/circuito-running-ironman-vitoria-879x614.png\" sizes=\"(max-width: 879px) 100vw, 879px\" srcset=\"https:\/\/www.gasteizhoy.com\/wp-content\/uploads\/2021\/08\/circuito-running-ironman-vitoria-879x614.png 879w, https:\/\/www.gasteizhoy.com\/wp-content\/uploads\/2021\/08\/circuito-running-ironman-vitoria-350x244.png 350w, https:\/\/www.gasteizhoy.com\/wp-content\/uploads\/2021\/08\/circuito-running-ironman-vitoria-150x105.png 150w, https:\/\/www.gasteizhoy.com\/wp-content\/uploads\/2021\/08\/circuito-running-ironman-vitoria-768x536.png 768w, https:\/\/www.gasteizhoy.com\/wp-content\/uploads\/2021\/08\/circuito-running-ironman-vitoria-610x426.png 610w, https:\/\/www.gasteizhoy.com\/wp-content\/uploads\/2021\/08\/circuito-running-ironman-vitoria-64x45.png 64w, https:\/\/www.gasteizhoy.com\/wp-content\/uploads\/2021\/08\/circuito-running-ironman-vitoria-73x51.png 73w, https:\/\/www.gasteizhoy.com\/wp-content\/uploads\/2021\/08\/circuito-running-ironman-vitoria-190x133.png 190w, https:\/\/www.gasteizhoy.com\/wp-content\/uploads\/2021\/08\/circuito-running-ironman-vitoria.png 1187w\" alt=\"circuito running ironman vitoria\" \/><\/a><\/p>\n<\/div>\n<\/div>\n<div class=\"hidden-sm hidden-xs barra_lateral\">\n<div class=\"widget\">\n<div class=\"textwidget\">\n<p>Fuente: gasteizhoy.com<\/p>\n<\/div>\n<\/div>\n<\/div>\n","protected":false},"excerpt":{"rendered":"<p>El pr\u00f3ximo 12 de septiembre se disputar\u00e1 un at\u00edpico IM Vitoria, con el final de la carrera se trasladado al parking del Buesa Arena y toda la carrera a pie pasando por las Balsas de Salburua Entre esto y otra cancelaci\u00f3n, mil veces esto. El IM Vitoria no ser\u00e1 el mismo sin la inconmensurable ayuda [&hellip;]<\/p>\n","protected":false},"author":309,"featured_media":75416,"comment_status":"closed","ping_status":"closed","sticky":false,"template":"","format":"standard","meta":{"_acf_changed":false,"rank_math_lock_modified_date":false,"footnotes":""},"categories":[17,19],"tags":[],"class_list":{"0":"post-75415","1":"post","2":"type-post","3":"status-publish","4":"format-standard","5":"has-post-thumbnail","7":"category-actualidad","8":"category-competiciones"},"acf":[],"_links":{"self":[{"href":"https:\/\/miurltemporal.com/main/triatletasenred.sport.es\/wp-json\/wp\/v2\/posts\/75415"}],"collection":[{"href":"https:\/\/miurltemporal.com/main/triatletasenred.sport.es\/wp-json\/wp\/v2\/posts"}],"about":[{"href":"https:\/\/miurltemporal.com/main/triatletasenred.sport.es\/wp-json\/wp\/v2\/types\/post"}],"author":[{"embeddable":true,"href":"https:\/\/miurltemporal.com/main/triatletasenred.sport.es\/wp-json\/wp\/v2\/users\/309"}],"replies":[{"embeddable":true,"href":"https:\/\/miurltemporal.com/main/triatletasenred.sport.es\/wp-json\/wp\/v2\/comments?post=75415"}],"version-history":[{"count":1,"href":"https:\/\/miurltemporal.com/main/triatletasenred.sport.es\/wp-json\/wp\/v2\/posts\/75415\/revisions"}],"predecessor-version":[{"id":75417,"href":"https:\/\/miurltemporal.com/main/triatletasenred.sport.es\/wp-json\/wp\/v2\/posts\/75415\/revisions\/75417"}],"wp:featuredmedia":[{"embeddable":true,"href":"https:\/\/miurltemporal.com/main/triatletasenred.sport.es\/wp-json\/wp\/v2\/media\/75416"}],"wp:attachment":[{"href":"https:\/\/miurltemporal.com/main/triatletasenred.sport.es\/wp-json\/wp\/v2\/media?parent=75415"}],"wp:term":[{"taxonomy":"category","embeddable":true,"href":"https:\/\/miurltemporal.com/main/triatletasenred.sport.es\/wp-json\/wp\/v2\/categories?post=75415"},{"taxonomy":"post_tag","embeddable":true,"href":"https:\/\/miurltemporal.com/main/triatletasenred.sport.es\/wp-json\/wp\/v2\/tags?post=75415"}],"curies":[{"name":"wp","href":"https:\/\/api.w.org\/{rel}","templated":true}]}}