{"id":75410,"date":"2021-09-01T21:03:25","date_gmt":"2021-09-01T19:03:25","guid":{"rendered":"https:\/\/miurltemporal.com/main/triatletasenred.sport.es\/?p=75410"},"modified":"2021-09-01T21:03:25","modified_gmt":"2021-09-01T19:03:25","slug":"cancelado-psa-port-palma-triathlon-mallorca","status":"publish","type":"post","link":"https:\/\/miurltemporal.com/main/triatletasenred.sport.es\/actualidad\/cancelado-psa-port-palma-triathlon-mallorca\/","title":{"rendered":"\u00daltima hora: Cancelado el PSA Port Palma Triathlon Mallorca"},"content":{"rendered":"<h2 style=\"text-align: justify;\">El PSA Retail Port de Palma Triathlon Mallorca, cancelado. La entrada en el puerto de un barco con mercanc\u00edas peligrosas no permite la celebraci\u00f3n del evento<\/h2>\n<p><\/a><\/p>\n<p style=\"text-align: justify;\">Dr\u00e1stica soluci\u00f3n la que han tenido que tomar los organizadores del\u00a0<strong>PSA Retail Port de Palma Triathlon Mallorca\u00a0<\/strong>cancelando la prueba a pocos d\u00edas de la fecha de celebraci\u00f3n. La Autoridad Portuario a activado un protocolo de seguridad que no permite el evento deportivo debido a la entrada en el puerto de Palma de un nav\u00edo que transporta mercanc\u00edas peligrosas.<\/p>\n<p style=\"text-align: justify;\">Los organizadores, Elitechip y el Club Marathon Mallorca, una vez han sido conocedores de la situaci\u00f3n <strong>plantearon diferentes propuestas<\/strong> para que fuera factible dar el pistoletazo de salida el pr\u00f3ximo d\u00eda 5, desde cambios de horario como tambi\u00e9n de recorridos. No obstante, la <strong>Autoridad Portuaria ha desestimado todas las alternativas<\/strong> presentadas, alegando una ley de 1964. La \u00fanica soluci\u00f3n planteada por el ente ha sido el cambio de fecha del evento.<\/p>\n<p style=\"text-align: justify;\">Ante esta situaci\u00f3n y anteponiendo la seguridad de los participantes los organizadores han decidido, lament\u00e1ndolo mucho, cancelar la prueba. Todos los inscritos podr\u00e1n <strong>reclamar la devoluci\u00f3n completa de la inscripci\u00f3n<\/strong> o pedir la <strong>inscripci\u00f3n gratuita para la distancia corta del Artiem Half Menorca<\/strong>, a celebrar el pr\u00f3ximo 19 de septiembre.<\/p>\n","protected":false},"excerpt":{"rendered":"<p>La entrada en el puerto de un barco con mercanc\u00edas peligrosas no permite la celebraci\u00f3n del evento<\/p>\n","protected":false},"author":294,"featured_media":75411,"comment_status":"closed","ping_status":"closed","sticky":false,"template":"","format":"standard","meta":{"_acf_changed":false,"rank_math_lock_modified_date":false,"footnotes":""},"categories":[17,2033],"tags":[4781,7399,8835],"class_list":{"0":"post-75410","1":"post","2":"type-post","3":"status-publish","4":"format-standard","5":"has-post-thumbnail","7":"category-actualidad","8":"category-sport","9":"tag-cancelado","10":"tag-palma","11":"tag-psa-port-de-palma-triathlon"},"acf":[],"_links":{"self":[{"href":"https:\/\/miurltemporal.com/main/triatletasenred.sport.es\/wp-json\/wp\/v2\/posts\/75410"}],"collection":[{"href":"https:\/\/miurltemporal.com/main/triatletasenred.sport.es\/wp-json\/wp\/v2\/posts"}],"about":[{"href":"https:\/\/miurltemporal.com/main/triatletasenred.sport.es\/wp-json\/wp\/v2\/types\/post"}],"author":[{"embeddable":true,"href":"https:\/\/miurltemporal.com/main/triatletasenred.sport.es\/wp-json\/wp\/v2\/users\/294"}],"replies":[{"embeddable":true,"href":"https:\/\/miurltemporal.com/main/triatletasenred.sport.es\/wp-json\/wp\/v2\/comments?post=75410"}],"version-history":[{"count":2,"href":"https:\/\/miurltemporal.com/main/triatletasenred.sport.es\/wp-json\/wp\/v2\/posts\/75410\/revisions"}],"predecessor-version":[{"id":75413,"href":"https:\/\/miurltemporal.com/main/triatletasenred.sport.es\/wp-json\/wp\/v2\/posts\/75410\/revisions\/75413"}],"wp:featuredmedia":[{"embeddable":true,"href":"https:\/\/miurltemporal.com/main/triatletasenred.sport.es\/wp-json\/wp\/v2\/media\/75411"}],"wp:attachment":[{"href":"https:\/\/miurltemporal.com/main/triatletasenred.sport.es\/wp-json\/wp\/v2\/media?parent=75410"}],"wp:term":[{"taxonomy":"category","embeddable":true,"href":"https:\/\/miurltemporal.com/main/triatletasenred.sport.es\/wp-json\/wp\/v2\/categories?post=75410"},{"taxonomy":"post_tag","embeddable":true,"href":"https:\/\/miurltemporal.com/main/triatletasenred.sport.es\/wp-json\/wp\/v2\/tags?post=75410"}],"curies":[{"name":"wp","href":"https:\/\/api.w.org\/{rel}","templated":true}]}}