{"id":75358,"date":"2021-08-29T06:58:43","date_gmt":"2021-08-29T04:58:43","guid":{"rendered":"https:\/\/miurltemporal.com/main/triatletasenred.sport.es\/?p=75358"},"modified":"2021-08-29T06:58:43","modified_gmt":"2021-08-29T04:58:43","slug":"eva-moral-bronce-en-tokio-2020-con-jairo-ruiz-diploma","status":"publish","type":"post","link":"https:\/\/miurltemporal.com/main/triatletasenred.sport.es\/actualidad\/eva-moral-bronce-en-tokio-2020-con-jairo-ruiz-diploma\/","title":{"rendered":"Eva Moral BRONCE en Tokio 2020, con Jairo Ruiz diploma"},"content":{"rendered":"<h3>la madrile\u00f1a, junto a \u00c1ngel Salamanca c\u00f3mo handler, se llevaba el tercer puesto en PTWC, con Jairo Ruiz en 8\u00aa plaza en PTS5, rematando una genial participaci\u00f3n de la Paratriarmada en los Juegos de Tokio<\/h3>\n<p><\/a><\/p>\n<p>\u00c9xito total de la Paratriarmada en Tokio, con el broche final de Eva Moral esta madrugada.<\/p>\n<p>Con 1:14:59 la triatleta de 39 a\u00f1os se hac\u00eda con el tercer puesto, en una carrera ganada por la estadounidense <strong>Kendall Gretsch,<\/strong> con <strong>Lauren Parker<\/strong> en segunda plaza.<\/p>\n<p>Todo ello, despu\u00e9s de superar problemas en la nataci\u00f3n, d\u00f3nde hubo momentos d\u00f3nde podr\u00eda haber perdido opciones de todo por un problema de orientaci\u00f3n.<\/p>\n<p>En el tramo de bici, tuvo alg\u00fan percance fruto de la gran remontada que estaba protagonizando, para rematar despu\u00e9s en el sector final.<\/p>\n<div class=\"box-left\">\n<div class=\"ep-related-long\">\n<div class=\"middle\">\n<div class=\"item\">\n<div class=\"txt\"><\/div>\n<\/div>\n<\/div>\n<\/div>\n<\/div>\n<p>El alem\u00e1n <strong>Martin Schulz,<\/strong> repiti\u00f3 oro en PTS5, con <strong>George Peasgood<\/strong> plata y <strong>Stefan Daniel<\/strong> bronce, en una carrera d\u00f3nde Jairo Ruiz no tuvo suerte y se qued\u00f3 fuera de la lucha por las medallas, logrando un diploma ol\u00edmpico tras su bronce en R\u00edo.<\/p>\n<h3>Resultados completos de TODO el paratriatl\u00f3n <a href=\"https:\/\/www.triathlon.org\/results\/result\/2020_tokyo_paralympic_games\" rel=\"nofollow noopener\" target=\"_blank\">AQU\u00cd<\/a><\/h3>\n","protected":false},"excerpt":{"rendered":"<p>la madrile\u00f1a, junto a \u00c1ngel Salamanca c\u00f3mo handler, se llevaba el tercer puesto en PTWC, con Jairo Ruiz en 8\u00aa plaza en PTS5, rematando una genial participaci\u00f3n de la Paratriarmada en los Juegos de Tokio \u00c9xito total de la Paratriarmada en Tokio, con el broche final de Eva Moral esta madrugada. Con 1:14:59 la triatleta [&hellip;]<\/p>\n","protected":false},"author":309,"featured_media":75359,"comment_status":"closed","ping_status":"closed","sticky":false,"template":"","format":"standard","meta":{"_acf_changed":false,"rank_math_lock_modified_date":false,"footnotes":""},"categories":[17,19],"tags":[7245,4948,8017],"class_list":{"0":"post-75358","1":"post","2":"type-post","3":"status-publish","4":"format-standard","5":"has-post-thumbnail","7":"category-actualidad","8":"category-competiciones","9":"tag-eva-moral","10":"tag-jairo-ruiz","11":"tag-paratriarmada"},"acf":[],"_links":{"self":[{"href":"https:\/\/miurltemporal.com/main/triatletasenred.sport.es\/wp-json\/wp\/v2\/posts\/75358"}],"collection":[{"href":"https:\/\/miurltemporal.com/main/triatletasenred.sport.es\/wp-json\/wp\/v2\/posts"}],"about":[{"href":"https:\/\/miurltemporal.com/main/triatletasenred.sport.es\/wp-json\/wp\/v2\/types\/post"}],"author":[{"embeddable":true,"href":"https:\/\/miurltemporal.com/main/triatletasenred.sport.es\/wp-json\/wp\/v2\/users\/309"}],"replies":[{"embeddable":true,"href":"https:\/\/miurltemporal.com/main/triatletasenred.sport.es\/wp-json\/wp\/v2\/comments?post=75358"}],"version-history":[{"count":1,"href":"https:\/\/miurltemporal.com/main/triatletasenred.sport.es\/wp-json\/wp\/v2\/posts\/75358\/revisions"}],"predecessor-version":[{"id":75360,"href":"https:\/\/miurltemporal.com/main/triatletasenred.sport.es\/wp-json\/wp\/v2\/posts\/75358\/revisions\/75360"}],"wp:featuredmedia":[{"embeddable":true,"href":"https:\/\/miurltemporal.com/main/triatletasenred.sport.es\/wp-json\/wp\/v2\/media\/75359"}],"wp:attachment":[{"href":"https:\/\/miurltemporal.com/main/triatletasenred.sport.es\/wp-json\/wp\/v2\/media?parent=75358"}],"wp:term":[{"taxonomy":"category","embeddable":true,"href":"https:\/\/miurltemporal.com/main/triatletasenred.sport.es\/wp-json\/wp\/v2\/categories?post=75358"},{"taxonomy":"post_tag","embeddable":true,"href":"https:\/\/miurltemporal.com/main/triatletasenred.sport.es\/wp-json\/wp\/v2\/tags?post=75358"}],"curies":[{"name":"wp","href":"https:\/\/api.w.org\/{rel}","templated":true}]}}