{"id":75355,"date":"2021-08-29T06:15:06","date_gmt":"2021-08-29T04:15:06","guid":{"rendered":"https:\/\/miurltemporal.com/main/triatletasenred.sport.es\/?p=75355"},"modified":"2021-08-29T06:46:05","modified_gmt":"2021-08-29T04:46:05","slug":"la-seleccion-junior-brilla-en-etu-silver-lake-con-triunfos-de-igor-bellido-y-helena-moragas","status":"publish","type":"post","link":"https:\/\/miurltemporal.com/main/triatletasenred.sport.es\/actualidad\/la-seleccion-junior-brilla-en-etu-silver-lake-con-triunfos-de-igor-bellido-y-helena-moragas\/","title":{"rendered":"La selecci\u00f3n Junior BRILLA en ETU Silver Lake, con triunfos de Igor Bellido y Helena Moragas"},"content":{"rendered":"<h3>La Triarmada m\u00e1s joven consigue uno de sus mejores resultados globales en la Copa de Europa de Serbia<\/h3>\n<p><a href=\"https:\/\/zone3.es\/\" rel=\"nofollow noopener\" target=\"_blank\"><img fetchpriority=\"high\" decoding=\"async\" class=\"aligncenter size-full wp-image-66903\" src=\"https:\/\/miurltemporal.com/main/triatletasenred.sport.es\/wp-content\/uploads\/Banner-Zone3-746x149px.gif\" alt=\"\" width=\"746\" height=\"149\" \/><\/a><\/p>\n<p>El triatleta de Zone3 <strong>Igor Bellido<\/strong> y la triatleta de ASICS <strong>Helena Moragas<\/strong> se llevaban la Copa de Europa de Silver Lake, en Serbia, d\u00f3nde el resto de triatletas espa\u00f1oles logrando un gran papel.<\/p>\n<p>Bellido seleccionar\u00eda a los de cabeza en el agua para jug\u00e1rselo todo con el suizo <strong>Ben F\u00e4h\u00a0<\/strong>en la carrera a pie, d\u00f3nde Igor demostraba ser m\u00e1s fuerte con 30:10.<\/p>\n<p><strong>Estaban Basanta<\/strong> ser\u00eda tercero a 57 segundos, con <strong>Joan Reixach<\/strong> justo detr\u00e1s de \u00e9l a 1:06.<\/p>\n<p>Por su parte, <strong>Helena Moragas<\/strong> completar\u00eda una prueba muy completa en los tres segmentos, pese a salir algo rezagada del agua y remontar en bici, a sabiendas de que el sector final ser\u00eda el juez definitivo.<\/p>\n<p>Su crono en meta ser\u00eda de 34:35, con <strong>Mar\u00eda Casals<\/strong> tercera a 4 segundos, seguida de <strong>Elsa Pena<\/strong> top5 a 15 segundos y <strong>Natalia Castro<\/strong> en 9\u00aa posici\u00f3n a 33 segundos.<\/p>\n<p>Clasificaci\u00f3n masculina, <a href=\"https:\/\/triathlon.org\/results\/result\/2021_europe_triathlon_junior_cup_silver_lake\/455079\" rel=\"nofollow noopener\" target=\"_blank\">aqu\u00ed<\/a><\/p>\n<p>Clasificaci\u00f3n femenina, <a href=\"https:\/\/triathlon.org\/results\/result\/2021_europe_triathlon_junior_cup_silver_lake\/455080\" rel=\"nofollow noopener\" target=\"_blank\">aqu\u00ed<\/a><\/p>\n","protected":false},"excerpt":{"rendered":"<p>La Triarmada m\u00e1s joven consigue uno de sus mejores resultados globales en la Copa de Europa de Serbia El triatleta de Zone3 Igor Bellido y la triatleta de ASICS Helena Moragas se llevaban la Copa de Europa de Silver Lake, en Serbia, d\u00f3nde el resto de triatletas espa\u00f1oles logrando un gran papel. Bellido seleccionar\u00eda a [&hellip;]<\/p>\n","protected":false},"author":309,"featured_media":75356,"comment_status":"closed","ping_status":"closed","sticky":false,"template":"","format":"standard","meta":{"_acf_changed":false,"rank_math_lock_modified_date":false,"footnotes":""},"categories":[17,19],"tags":[8826,7016,8700],"class_list":{"0":"post-75355","1":"post","2":"type-post","3":"status-publish","4":"format-standard","5":"has-post-thumbnail","7":"category-actualidad","8":"category-competiciones","9":"tag-helena-moragas","10":"tag-igor-bellido","11":"tag-triarmada-junior"},"acf":[],"_links":{"self":[{"href":"https:\/\/miurltemporal.com/main/triatletasenred.sport.es\/wp-json\/wp\/v2\/posts\/75355"}],"collection":[{"href":"https:\/\/miurltemporal.com/main/triatletasenred.sport.es\/wp-json\/wp\/v2\/posts"}],"about":[{"href":"https:\/\/miurltemporal.com/main/triatletasenred.sport.es\/wp-json\/wp\/v2\/types\/post"}],"author":[{"embeddable":true,"href":"https:\/\/miurltemporal.com/main/triatletasenred.sport.es\/wp-json\/wp\/v2\/users\/309"}],"replies":[{"embeddable":true,"href":"https:\/\/miurltemporal.com/main/triatletasenred.sport.es\/wp-json\/wp\/v2\/comments?post=75355"}],"version-history":[{"count":1,"href":"https:\/\/miurltemporal.com/main/triatletasenred.sport.es\/wp-json\/wp\/v2\/posts\/75355\/revisions"}],"predecessor-version":[{"id":75357,"href":"https:\/\/miurltemporal.com/main/triatletasenred.sport.es\/wp-json\/wp\/v2\/posts\/75355\/revisions\/75357"}],"wp:featuredmedia":[{"embeddable":true,"href":"https:\/\/miurltemporal.com/main/triatletasenred.sport.es\/wp-json\/wp\/v2\/media\/75356"}],"wp:attachment":[{"href":"https:\/\/miurltemporal.com/main/triatletasenred.sport.es\/wp-json\/wp\/v2\/media?parent=75355"}],"wp:term":[{"taxonomy":"category","embeddable":true,"href":"https:\/\/miurltemporal.com/main/triatletasenred.sport.es\/wp-json\/wp\/v2\/categories?post=75355"},{"taxonomy":"post_tag","embeddable":true,"href":"https:\/\/miurltemporal.com/main/triatletasenred.sport.es\/wp-json\/wp\/v2\/tags?post=75355"}],"curies":[{"name":"wp","href":"https:\/\/api.w.org\/{rel}","templated":true}]}}