{"id":75349,"date":"2021-08-28T16:55:00","date_gmt":"2021-08-28T14:55:00","guid":{"rendered":"https:\/\/miurltemporal.com/main/triatletasenred.sport.es\/?p=75349"},"modified":"2021-08-28T16:55:01","modified_gmt":"2021-08-28T14:55:01","slug":"roberto-sanchez-mantecon-debuta-con-triunfo-en-challenge-davos-con-albert-moreno-segundo","status":"publish","type":"post","link":"https:\/\/miurltemporal.com/main/triatletasenred.sport.es\/actualidad\/roberto-sanchez-mantecon-debuta-con-triunfo-en-challenge-davos-con-albert-moreno-segundo\/","title":{"rendered":"Roberto S\u00e1nchez Mantec\u00f3n debuta con TRIUNFO en Challenge Davos con Albert Moreno SEGUNDO"},"content":{"rendered":"\n<figure class=\"wp-block-image size-large\"><img fetchpriority=\"high\" decoding=\"async\" width=\"700\" height=\"150\" src=\"https:\/\/miurltemporal.com/main/triatletasenred.sport.es\/wp-content\/uploads\/inverse_750.jpg\" alt=\"\" class=\"wp-image-74162\" srcset=\"https:\/\/miurltemporal.com/main/triatletasenred.sport.es\/wp-content\/uploads\/inverse_750.jpg 700w, https:\/\/miurltemporal.com/main/triatletasenred.sport.es\/wp-content\/uploads\/inverse_750-300x64.jpg 300w, https:\/\/miurltemporal.com/main/triatletasenred.sport.es\/wp-content\/uploads\/inverse_750-696x150.jpg 696w\" sizes=\"(max-width: 700px) 100vw, 700px\" \/><\/figure>\n\n\n\n<h3 class=\"wp-block-heading\">Los dos espa\u00f1oles logran ocupar el primer y el segundo puesto, en un d\u00eda d\u00f3nde el clima ha vuelto a ser protagonista, convirtiendo la carrera a un duatl\u00f3n<\/h3>\n\n\n\n<p>Un a\u00f1o m\u00e1s, el mal tiempo ha sido un impedimiento para que el Challenge Davos salieria adelante al 100%, pero no para que <strong>Mantec\u00f3n<\/strong> y <strong>Moreno<\/strong> demostrasen su poder\u00edo como duatletas.<\/p>\n\n\n\n<p>El a\u00f1o pasado se tuvo que parar la prueba al incio del sector de bici, mientras que este a\u00f1o la carrera ha pasado a ser un duatl\u00f3n con el siguiente formato: 4k a pie, 54k en bici y 21k final.<\/p>\n\n\n\n<p><strong>Roberto S\u00e1nchez Mantec\u00f3n<\/strong>, se impondr\u00eda con 3:33:47, con<strong> Albert Moreno<\/strong> logrando repetir el segundo puesto de 2019 con 3:35:10 y <strong>Samuel B\u00f6ttinger <\/strong>en tercer lugar, con un tiempo de 3:37:24.<\/p>\n\n\n\n<p>En categor\u00eda femenina, victoria con exhibici\u00f3n para <strong>Nicola Spirig<\/strong>, con un tiempo de 3:56:24. A 10 minutos entrar\u00eda <strong>Lena Berlinger<\/strong> como segunda, con <strong>Giorgia Priarone<\/strong>  completando el podio a 18:55.<\/p>\n","protected":false},"excerpt":{"rendered":"<p>Los dos espa\u00f1oles logran ocupar el primer y el segundo puesto, en un d\u00eda d\u00f3nde el clima ha vuelto a ser protagonista, convirtiendo la carrera a un duatl\u00f3n Un a\u00f1o m\u00e1s, el mal tiempo ha sido un impedimiento para que el Challenge Davos salieria adelante al 100%, pero no para que Mantec\u00f3n y Moreno demostrasen [&hellip;]<\/p>\n","protected":false},"author":309,"featured_media":75348,"comment_status":"closed","ping_status":"closed","sticky":false,"template":"","format":"standard","meta":{"_acf_changed":false,"rank_math_lock_modified_date":false,"footnotes":""},"categories":[17],"tags":[],"class_list":{"0":"post-75349","1":"post","2":"type-post","3":"status-publish","4":"format-standard","5":"has-post-thumbnail","7":"category-actualidad"},"acf":[],"_links":{"self":[{"href":"https:\/\/miurltemporal.com/main/triatletasenred.sport.es\/wp-json\/wp\/v2\/posts\/75349"}],"collection":[{"href":"https:\/\/miurltemporal.com/main/triatletasenred.sport.es\/wp-json\/wp\/v2\/posts"}],"about":[{"href":"https:\/\/miurltemporal.com/main/triatletasenred.sport.es\/wp-json\/wp\/v2\/types\/post"}],"author":[{"embeddable":true,"href":"https:\/\/miurltemporal.com/main/triatletasenred.sport.es\/wp-json\/wp\/v2\/users\/309"}],"replies":[{"embeddable":true,"href":"https:\/\/miurltemporal.com/main/triatletasenred.sport.es\/wp-json\/wp\/v2\/comments?post=75349"}],"version-history":[{"count":1,"href":"https:\/\/miurltemporal.com/main/triatletasenred.sport.es\/wp-json\/wp\/v2\/posts\/75349\/revisions"}],"predecessor-version":[{"id":75350,"href":"https:\/\/miurltemporal.com/main/triatletasenred.sport.es\/wp-json\/wp\/v2\/posts\/75349\/revisions\/75350"}],"wp:featuredmedia":[{"embeddable":true,"href":"https:\/\/miurltemporal.com/main/triatletasenred.sport.es\/wp-json\/wp\/v2\/media\/75348"}],"wp:attachment":[{"href":"https:\/\/miurltemporal.com/main/triatletasenred.sport.es\/wp-json\/wp\/v2\/media?parent=75349"}],"wp:term":[{"taxonomy":"category","embeddable":true,"href":"https:\/\/miurltemporal.com/main/triatletasenred.sport.es\/wp-json\/wp\/v2\/categories?post=75349"},{"taxonomy":"post_tag","embeddable":true,"href":"https:\/\/miurltemporal.com/main/triatletasenred.sport.es\/wp-json\/wp\/v2\/tags?post=75349"}],"curies":[{"name":"wp","href":"https:\/\/api.w.org\/{rel}","templated":true}]}}