{"id":75266,"date":"2021-08-22T02:37:45","date_gmt":"2021-08-22T00:37:45","guid":{"rendered":"https:\/\/miurltemporal.com/main/triatletasenred.sport.es\/?p=75266"},"modified":"2021-08-22T07:07:47","modified_gmt":"2021-08-22T05:07:47","slug":"antonio-serrat-8o-en-la-gran-final-de-edmonton-con-blummenfelt-nuevo-campeon-mundial","status":"publish","type":"post","link":"https:\/\/miurltemporal.com/main/triatletasenred.sport.es\/actualidad\/antonio-serrat-8o-en-la-gran-final-de-edmonton-con-blummenfelt-nuevo-campeon-mundial\/","title":{"rendered":"Antonio Serrat 8\u00ba en la Gran Final de Edmonton, con Blummenfelt nuevo Campe\u00f3n Mundial"},"content":{"rendered":"<h3>El gallego completa una genial temporada d\u00f3nde ha conseguido los mejores resultados de su vida, en una carrera d\u00f3nde el Toro ha sacado a relucir los galones de Campe\u00f3n Ol\u00edmpico, para lograr su primer Mundial ITU<\/h3>\n<p><\/a>8\u00ba en la prueba final, y 8\u00ba en el ranking Mundial para <strong>Antonio Serrat.<\/strong><\/p>\n<p>El mejor resultado, as\u00ed como la mejor temporada para el triatleta de 26 a\u00f1os que a\u00f1o tras\u00a0 a\u00f1o se va superando en el circuito ITU.<\/p>\n<p>En lo que se refiera a <strong>Blummenfelt,<\/strong> la carrera no le podr\u00eda haber ido mejor&#8230;<\/p>\n<p>Una vez m\u00e1s, ser\u00eda <strong>Vincent Luis &#8211;<\/strong>junto con <strong>M\u00e1rk D\u00e9vay<\/strong> y <strong>Marten van Riel-<\/strong> el encargado de dominar el segmento acu\u00e1tico, cortando a los grandes ciclistas que tendr\u00e1n que colaborar en bici para cazar delante.<\/p>\n<p>El flamente oro ol\u00edmpico fue el m\u00e1s impetuoso en la persecuci\u00f3n, totalmente acoplado en el r\u00e1pido circuito de Edmonton, que finalmente juntar\u00eda un gran grupo en la delantera.<\/p>\n<p>Las principales amenazas para el Toro, <strong>Yee<\/strong> y <strong>Wilde<\/strong> -ambos plata y bronce en Tokio- se quedaban cortados de la selecci\u00f3n de 18 unidades que llegaba a T2 con una ligera desventaja sobre el grupo de Luis, que ser\u00eda cazado durante los primeros kil\u00f3metros a pie.<\/p>\n<p>Ser\u00edan 8 los triatletas con fuerzas para afrontar el 10k final, con <strong>Blummenfelt<\/strong> aumentando el ritmo de la carrera en la 3\u00aa vuelta, reventando tras \u00e9l todos los integrantes de este grupo, y venciendo al sprint por delante de <strong>Van Riel<\/strong> y <strong>Bergere, <\/strong>con un crono de 1:44:14.<strong>\u00a0Antonio Serrat <\/strong>es 8\u00ba despu\u00e9s de ceder al paso por el ecuador de la prueba.<\/p>\n<p>As\u00ed pues, el noruego <strong>Kristian Blummenfelt<\/strong> se coronar\u00eda como Campe\u00f3n del Mundo, con el belga <strong>Marten Van Riel<\/strong> en segunda plaza y el brit\u00e1nico <strong>Alex Yee<\/strong> completando el podio.<\/p>\n<p><strong>Bergere<\/strong> es 4\u00ba, <strong>Wilde<\/strong> 5\u00ba, <strong>Luis<\/strong> 6\u00ba, <strong>Coninx<\/strong> 7\u00ba, <strong>Serrat<\/strong> 8\u00ba, <strong>Rider<\/strong> 9\u00ba y <strong>Pearson<\/strong> 10\u00ba, en un\u00a0 a\u00f1o diferente al ser ol\u00edmpico. <strong>Fernando Alarza<\/strong> es 14\u00ba.<\/p>\n","protected":false},"excerpt":{"rendered":"<p>El gallego completa una genial temporada d\u00f3nde ha conseguido los mejores resultados de su vida, en una carrera d\u00f3nde el Toro ha sacado a relucir los galones de Campe\u00f3n Ol\u00edmpico, para lograr su primer Mundial ITU 8\u00ba en la prueba final, y 8\u00ba en el ranking Mundial para Antonio Serrat. El mejor resultado, as\u00ed como [&hellip;]<\/p>\n","protected":false},"author":309,"featured_media":75267,"comment_status":"closed","ping_status":"closed","sticky":false,"template":"","format":"standard","meta":{"_acf_changed":false,"rank_math_lock_modified_date":false,"footnotes":""},"categories":[17,19],"tags":[4592,375,6385],"class_list":{"0":"post-75266","1":"post","2":"type-post","3":"status-publish","4":"format-standard","5":"has-post-thumbnail","7":"category-actualidad","8":"category-competiciones","9":"tag-antonio-serrat","10":"tag-fernando-alarza","11":"tag-kristian-blummenfelt"},"acf":[],"_links":{"self":[{"href":"https:\/\/miurltemporal.com/main/triatletasenred.sport.es\/wp-json\/wp\/v2\/posts\/75266"}],"collection":[{"href":"https:\/\/miurltemporal.com/main/triatletasenred.sport.es\/wp-json\/wp\/v2\/posts"}],"about":[{"href":"https:\/\/miurltemporal.com/main/triatletasenred.sport.es\/wp-json\/wp\/v2\/types\/post"}],"author":[{"embeddable":true,"href":"https:\/\/miurltemporal.com/main/triatletasenred.sport.es\/wp-json\/wp\/v2\/users\/309"}],"replies":[{"embeddable":true,"href":"https:\/\/miurltemporal.com/main/triatletasenred.sport.es\/wp-json\/wp\/v2\/comments?post=75266"}],"version-history":[{"count":2,"href":"https:\/\/miurltemporal.com/main/triatletasenred.sport.es\/wp-json\/wp\/v2\/posts\/75266\/revisions"}],"predecessor-version":[{"id":75274,"href":"https:\/\/miurltemporal.com/main/triatletasenred.sport.es\/wp-json\/wp\/v2\/posts\/75266\/revisions\/75274"}],"wp:featuredmedia":[{"embeddable":true,"href":"https:\/\/miurltemporal.com/main/triatletasenred.sport.es\/wp-json\/wp\/v2\/media\/75267"}],"wp:attachment":[{"href":"https:\/\/miurltemporal.com/main/triatletasenred.sport.es\/wp-json\/wp\/v2\/media?parent=75266"}],"wp:term":[{"taxonomy":"category","embeddable":true,"href":"https:\/\/miurltemporal.com/main/triatletasenred.sport.es\/wp-json\/wp\/v2\/categories?post=75266"},{"taxonomy":"post_tag","embeddable":true,"href":"https:\/\/miurltemporal.com/main/triatletasenred.sport.es\/wp-json\/wp\/v2\/tags?post=75266"}],"curies":[{"name":"wp","href":"https:\/\/api.w.org\/{rel}","templated":true}]}}