{"id":75264,"date":"2021-08-20T09:12:11","date_gmt":"2021-08-20T07:12:11","guid":{"rendered":"https:\/\/miurltemporal.com/main/triatletasenred.sport.es\/?p=75264"},"modified":"2021-08-20T09:12:11","modified_gmt":"2021-08-20T07:12:11","slug":"frodeno-triatlon-girona","status":"publish","type":"post","link":"https:\/\/miurltemporal.com/main/triatletasenred.sport.es\/actualidad\/frodeno-triatlon-girona\/","title":{"rendered":"Organizar un triatl\u00f3n en Girona, \u00bfEl pr\u00f3ximo reto de Jan Frodeno?"},"content":{"rendered":"<h3>La cancelaci\u00f3n del Ironman Kona 2021 cambia los planes de los aspirantes al mundial. \u00bfPodr\u00eda Jan Frodeno aprovechar este &#8220;tiempo libre&#8221; para organizar un triatl\u00f3n en Girona?<\/h3>\n<p><a href=\"https:\/\/www.canyon.com\/es-es\/road-bikes\/triathlon-bikes\/speedmax\/cf\/?utm_medium=special-interest-online&amp;utm_source=triatletasenred&amp;utm_campaign=c0620-bike_push_speedmaxcf\" rel=\"nofollow noopener\" target=\"_blank\"><img fetchpriority=\"high\" decoding=\"async\" class=\"alignleft size-full wp-image-74946\" src=\"https:\/\/miurltemporal.com/main/triatletasenred.sport.es\/wp-content\/uploads\/bannerCanyon_750.gif\" alt=\"\" width=\"700\" height=\"150\" \/><\/a><\/p>\n<p>De todos es sabido que el tres veces campe\u00f3n del mundo es un tipo inquieto, de mente emprendedora y que le va la marcha en cuanto a retos deportivos. Sumamos que, dinero al germano no le falta, para dar voz a un rumor que corre de lejos por Girona, la ciudad-fort\u00edn de Jan Frodeno desde hace ya unos a\u00f1os.<\/p>\n<p>Este rumor ha corrido con m\u00e1s fuerza en las \u00faltimas horas tras una publicaci\u00f3n en el perfil de instagram de La Comuna, la cafeter\u00eda que regenta junto a su esposa en la ciudad.<\/p>\n<p>En el texto que acompa\u00f1a unas im\u00e1genes de Frodeno entrenando por territorio Girona reza:<\/p>\n<blockquote class=\"td_quote_box td_box_center\">\n<h4>\u00a1Se rumorea que Kona podr\u00eda ser cancelada una vez m\u00e1s!\u00a0Tal vez sea hora de que Girona organice su propio evento digno de un campeonato mundial &#8230;<\/h4>\n<\/blockquote>\n<p>A partir de ah\u00ed un hilo de m\u00e1s de 60 comentarios de seguidores del perfil y de Jan Frodeno habalan la propuesta lanzada al aire y de entre ellos destacamos dos que podr\u00edan confirmar que algo se est\u00e1 gestando en casa de la familia Frodeno.<\/p>\n<p>De un lado, <strong>Pere Llad\u00f3, director del TRADEINN 140.6INN,<\/strong> comenta que el 8 de mayo existe su evento a modo de guante imaginamos pero la respuesta al comentario es, textualmente: <b>&#8220;Lo sabemos, algo un poco diferente&#8230;&#8221;\u00a0<\/b>y de ah\u00ed ya podemos sacar que algo en mente pueden tener.<\/p>\n<p>El segundo comentario al que hacemos referencia es el del perfil de <strong>Costa Brava Sport Tourism que no solo se ha apuntado al carro en el hilo de comentarios sino que ha levantado el rumor tambi\u00e9n en sus stories.\u00a0<\/strong><\/p>\n<p>En resumen, puede ser que este redactor suscribe el art\u00edculo vea molinos de viento por ser un motivado con ganas de ver como se desarrolla un proyecto de triatl\u00f3n, en Girona, y de la mano de Frodeno con toda la repercusi\u00f3n que podr\u00eda tener en nuestro universo o puede ser que desde el perfil de La Comuna hayan lanzado a modo de sondeo la idea real .<\/p>\n<p>En todo caso, se\u00f1ores y se\u00f1oras, so\u00f1ar es gratis, \u00bfverdad?<\/p>\n<p>[Mowplayer-Video ID=mif_l5CzFSE]<\/p>\n","protected":false},"excerpt":{"rendered":"<p>\u00bfPodr\u00eda Jan Frodeno aprovechar el tiempo libre derivado de la cancelaci\u00f3n de Kona para organizar una prueba en Girona?<\/p>\n","protected":false},"author":2,"featured_media":74864,"comment_status":"closed","ping_status":"closed","sticky":false,"template":"","format":"standard","meta":{"_acf_changed":false,"rank_math_lock_modified_date":false,"footnotes":""},"categories":[17],"tags":[8815],"class_list":{"0":"post-75264","1":"post","2":"type-post","3":"status-publish","4":"format-standard","5":"has-post-thumbnail","7":"category-actualidad","8":"tag-triatlon-jan-frodeno-girona"},"acf":[],"_links":{"self":[{"href":"https:\/\/miurltemporal.com/main/triatletasenred.sport.es\/wp-json\/wp\/v2\/posts\/75264"}],"collection":[{"href":"https:\/\/miurltemporal.com/main/triatletasenred.sport.es\/wp-json\/wp\/v2\/posts"}],"about":[{"href":"https:\/\/miurltemporal.com/main/triatletasenred.sport.es\/wp-json\/wp\/v2\/types\/post"}],"author":[{"embeddable":true,"href":"https:\/\/miurltemporal.com/main/triatletasenred.sport.es\/wp-json\/wp\/v2\/users\/2"}],"replies":[{"embeddable":true,"href":"https:\/\/miurltemporal.com/main/triatletasenred.sport.es\/wp-json\/wp\/v2\/comments?post=75264"}],"version-history":[{"count":1,"href":"https:\/\/miurltemporal.com/main/triatletasenred.sport.es\/wp-json\/wp\/v2\/posts\/75264\/revisions"}],"predecessor-version":[{"id":75265,"href":"https:\/\/miurltemporal.com/main/triatletasenred.sport.es\/wp-json\/wp\/v2\/posts\/75264\/revisions\/75265"}],"wp:featuredmedia":[{"embeddable":true,"href":"https:\/\/miurltemporal.com/main/triatletasenred.sport.es\/wp-json\/wp\/v2\/media\/74864"}],"wp:attachment":[{"href":"https:\/\/miurltemporal.com/main/triatletasenred.sport.es\/wp-json\/wp\/v2\/media?parent=75264"}],"wp:term":[{"taxonomy":"category","embeddable":true,"href":"https:\/\/miurltemporal.com/main/triatletasenred.sport.es\/wp-json\/wp\/v2\/categories?post=75264"},{"taxonomy":"post_tag","embeddable":true,"href":"https:\/\/miurltemporal.com/main/triatletasenred.sport.es\/wp-json\/wp\/v2\/tags?post=75264"}],"curies":[{"name":"wp","href":"https:\/\/api.w.org\/{rel}","templated":true}]}}