{"id":75057,"date":"2021-08-05T07:00:34","date_gmt":"2021-08-05T05:00:34","guid":{"rendered":"https:\/\/miurltemporal.com/main/triatletasenred.sport.es\/?p=75057"},"modified":"2021-08-05T14:11:15","modified_gmt":"2021-08-05T12:11:15","slug":"juanjo-mendez-y-xavi-caballol","status":"publish","type":"post","link":"https:\/\/miurltemporal.com/main/triatletasenred.sport.es\/actualidad\/juanjo-mendez-y-xavi-caballol\/","title":{"rendered":"Un tandem de 2 piernas y tres brazos. La historia de superaci\u00f3n de Juanjo M\u00e9ndez y Xavi Caballol"},"content":{"rendered":"<h3>El d\u00fao se convierte en el primero en hacer t\u00e1ndem con s\u00f3lo dos piernas y tres brazos, de la mano del equipo BH GN6<\/h3>\n<p><\/a><\/p>\n<p>Espa\u00f1a est\u00e1 a\u00f1o a a\u00f1o gan\u00e1ndose un hueco entre los mejores deportistas del mundo en el ciclismo adaptado.<\/p>\n<p>No solo son los triunfos individuales, sino que cada vez m\u00e1s, es notorio el hecho de que la popularidad de estas disciplinas se est\u00e1 dando a conocer y eso repercute en que ser\u00e1n muchos m\u00e1s los que podr\u00e1n dedicarse al deporte.<\/p>\n<p>Un caso incre\u00edble es el de <strong>Juanjo M\u00e9ndez<\/strong> y <strong>Xavi Caballol,\u00a0<\/strong>que hasta ahora compet\u00edan de manera individual, logrando un enrome palmar\u00e9s, que han decidido juntar para amplificar su alcance y logros.<\/p>\n<p>El BH GN6 Cycling Team e INVERSE les brindar\u00e1n el soporte necesario para poder competir en todas las competiciones en las que puedan promocionar el deporte adaptado, reivindicando una vez m\u00e1s, que nuestros l\u00edmites f\u00edsicos y mentales, est\u00e1n mucho m\u00e1s lejos de d\u00f3nde los pintamos.<\/p>\n<blockquote class=\"twitter-tweet\" data-width=\"550\" data-dnt=\"true\">\n<p lang=\"es\" dir=\"ltr\">El primer t\u00e1ndem formado por dos piernas, tres brazos y cuatro&#8230;<br \/>Juanjo M\u00e9ndez y Xavi Caballol se superan.<a href=\"https:\/\/twitter.com\/BH_Bikes?ref_src=twsrc%5Etfw\" rel=\"nofollow noopener\" target=\"_blank\">@BH_Bikes<\/a> <a href=\"https:\/\/twitter.com\/InverseTeams?ref_src=twsrc%5Etfw\" rel=\"nofollow noopener\" target=\"_blank\">@InverseTeams<\/a> <a href=\"https:\/\/twitter.com\/BICICLETESEGU?ref_src=twsrc%5Etfw\" rel=\"nofollow noopener\" target=\"_blank\">@BICICLETESEGU<\/a> <a href=\"https:\/\/t.co\/xlRdu0t5l9\" rel=\"nofollow\" target=\"_blank\">pic.twitter.com\/xlRdu0t5l9<\/a><\/p>\n<p>&mdash; BH GN6 Cycling Team (@Genesis_Cycling) <a href=\"https:\/\/twitter.com\/Genesis_Cycling\/status\/1422642461999042563?ref_src=twsrc%5Etfw\" rel=\"nofollow noopener\" target=\"_blank\">August 3, 2021<\/a><\/p><\/blockquote>\n<p><script async src=\"https:\/\/platform.twitter.com\/widgets.js\" charset=\"utf-8\"><\/script><\/p>\n<p><strong>Jos\u00e9 M\u00e9ndez,<\/strong> a sus 57 a\u00f1os atesora nada m\u00e1s y nada menos que 4 olimpiadas -desde Atenas a Rio- en las que gan\u00f3 dos metales, plata (2004) y bronce (2008), en la prueba de persecuci\u00f3n individual en pista, adem\u00e1s de 3 diplomas.<\/p>\n<p>En las pruebas de ruta, atesora una plata, siempre compitiendo en categor\u00eda LC4, adem\u00e1s de un sinf\u00edn de medallas en Mundiales y Europeos, entre los que destacan el Oro en Contrarreloj en el Mundial de 2013 y el otro en Persecuci\u00f3n el 2011.<\/p>\n<p><strong>Xavi Caballol,<\/strong> por su parte, es la imagen de un hombre que vive por y para el deporte.<\/p>\n<p>Desde su accidente en moto a finales de 2007, el hecho de tener que perder una pierna, se convirti\u00f3 en el catalizador para hacer un cambio en su vida, en el que el deporte ha jugado un papel clave.<\/p>\n<p>Carrera a pie, pista, carretera y MTB, completando infinidad de pruebas y retos personales, que lo han llevado a coincidir con <strong>Jos\u00e9<\/strong> en la estructura del equipo BH GN6, que iNVERSE apoya directamente.<\/p>\n<hr \/>\n<div data-mow_video=\"v-nocHdzTn1i8&amp;ab_channel=CanaldeTRIATL%C3%93NdeTRIATLETASENREDenYOUTUBE\">[embedyt] <amp-iframe\n                                width=\"16\"\n                                height=\"9\"\n                                layout=\"responsive\"\n                                sandbox=\"allow-scripts allow-same-origin\" src=\"https:\/\/mowplayer.com\/watch\/v-9rkZoi4rQzw[\/embedyt]<\/div>\n<p>?ratio=16:9&#8243; frameborder=&#8221;0&#8243;<br \/>\n                                allow=&#8221;autoplay; encrypted-media&#8221;<br \/>\n                                allowfullscreen><br \/>\n                                <amp-img layout=\"fill\" src=\"https:\/\/cdn.mowplayer.com\/assets\/images\/mow.jpg\" placeholder><\/amp-img><br \/>\n                            <\/amp-iframe><\/p>\n<div data-mow_video=v-9rkZoi4rQzw[\/embedyt]<\/div>\n<p>><\/p><\/div>\n","protected":false},"excerpt":{"rendered":"<p>El d\u00fao se convierte en el primero en hacer t\u00e1ndem con s\u00f3lo dos piernas y tres brazos, de la mano del equipo BH GN6 Espa\u00f1a est\u00e1 a\u00f1o a a\u00f1o gan\u00e1ndose un hueco entre los mejores deportistas del mundo en el ciclismo adaptado. No solo son los triunfos individuales, sino que cada vez m\u00e1s, es notorio [&hellip;]<\/p>\n","protected":false},"author":309,"featured_media":75060,"comment_status":"closed","ping_status":"closed","sticky":false,"template":"","format":"standard","meta":{"_acf_changed":false,"rank_math_lock_modified_date":false,"footnotes":""},"categories":[17],"tags":[8782,2056,8781,3988,8780],"class_list":{"0":"post-75057","1":"post","2":"type-post","3":"status-publish","4":"format-standard","5":"has-post-thumbnail","7":"category-actualidad","8":"tag-ciclismo-adaptado","9":"tag-inverse","10":"tag-jose-mendez","11":"tag-paralimpicos","12":"tag-xavi-caballol"},"acf":[],"_links":{"self":[{"href":"https:\/\/miurltemporal.com/main/triatletasenred.sport.es\/wp-json\/wp\/v2\/posts\/75057"}],"collection":[{"href":"https:\/\/miurltemporal.com/main/triatletasenred.sport.es\/wp-json\/wp\/v2\/posts"}],"about":[{"href":"https:\/\/miurltemporal.com/main/triatletasenred.sport.es\/wp-json\/wp\/v2\/types\/post"}],"author":[{"embeddable":true,"href":"https:\/\/miurltemporal.com/main/triatletasenred.sport.es\/wp-json\/wp\/v2\/users\/309"}],"replies":[{"embeddable":true,"href":"https:\/\/miurltemporal.com/main/triatletasenred.sport.es\/wp-json\/wp\/v2\/comments?post=75057"}],"version-history":[{"count":5,"href":"https:\/\/miurltemporal.com/main/triatletasenred.sport.es\/wp-json\/wp\/v2\/posts\/75057\/revisions"}],"predecessor-version":[{"id":75074,"href":"https:\/\/miurltemporal.com/main/triatletasenred.sport.es\/wp-json\/wp\/v2\/posts\/75057\/revisions\/75074"}],"wp:featuredmedia":[{"embeddable":true,"href":"https:\/\/miurltemporal.com/main/triatletasenred.sport.es\/wp-json\/wp\/v2\/media\/75060"}],"wp:attachment":[{"href":"https:\/\/miurltemporal.com/main/triatletasenred.sport.es\/wp-json\/wp\/v2\/media?parent=75057"}],"wp:term":[{"taxonomy":"category","embeddable":true,"href":"https:\/\/miurltemporal.com/main/triatletasenred.sport.es\/wp-json\/wp\/v2\/categories?post=75057"},{"taxonomy":"post_tag","embeddable":true,"href":"https:\/\/miurltemporal.com/main/triatletasenred.sport.es\/wp-json\/wp\/v2\/tags?post=75057"}],"curies":[{"name":"wp","href":"https:\/\/api.w.org\/{rel}","templated":true}]}}