{"id":74925,"date":"2021-07-27T15:51:54","date_gmt":"2021-07-27T13:51:54","guid":{"rendered":"https:\/\/miurltemporal.com/main/triatletasenred.sport.es\/?p=74925"},"modified":"2021-07-27T15:51:54","modified_gmt":"2021-07-27T13:51:54","slug":"tradeinn-140-6inn-2022-2","status":"publish","type":"post","link":"https:\/\/miurltemporal.com/main/triatletasenred.sport.es\/actualidad\/tradeinn-140-6inn-2022-2\/","title":{"rendered":"Inscripciones abiertas al TRADEINN 140.6INN 2022"},"content":{"rendered":"<h3>El TRADEINN 140.6INN 2022 de nuevo con precio imbatible de menos de 150\u20ac, unos circuitos inigualables y un entorno ideal para la pr\u00e1ctica del triatl\u00f3n. son los ingredientes para el \u00e9xito del triatl\u00f3n de Larga Distancia de Girona el pr\u00f3ximo 8 de mayo.<\/h3>\n<p><\/a><\/p>\n<p>Territorio de grandes triatletas como <strong>Jan Frodeno o Vincent Luis<\/strong>, ciclistas como el Team Israel al completo y otros ilustres del pelot\u00f3n internacional y desde mayo de 2021 el epicentro del triatl\u00f3n nacional gracias a la propuesta de <strong>TRADEINN<\/strong> con su 140.6INN.<\/p>\n<p>Como ya sab\u00e9is la prueba reuni\u00f3 a m\u00e1s de 1000 inscritos en su primera edici\u00f3n en tiempos de pandemia y de esta primera experiencia de la organizaci\u00f3n y sabedores del margen de mejora y de los puntos d\u00e9biles de la edici\u00f3n inaugural el <a href=\"https:\/\/www.1406inn.com\" rel=\"nofollow noopener\" target=\"_blank\">TRADEINN 140.6INN<\/a> promete, y mucho.<\/p>\n<p>En este escenario el evento abr\u00ed\u00f3 las inscripciones generales y ha agotado pr\u00e1cticamente el 30% del aforo en poco m\u00e1s de 24 horas lo cual presume un sold out con antelaci\u00f3n al m\u00e1s puro estilo de los grandes triatlones internacionales.<\/p>\n<p>Una vez m\u00e1s, desde TRADEINN tienen la sana intenci\u00f3n de ofrecer u<strong>na gran experiencia en Larga Distancia a un precio contenido<\/strong> por lo que los 600 primeros inscritos disponen de un precio de 149\u20ac que se ver\u00e1 incrementado hasta un m\u00e1ximo de 250\u20ac, una tarifa muy alejada de los precios que se vienen manjendo en los eventos de estas caracter\u00edsticas.<\/p>\n<p>La cita el 8 de mayo en la localidad de Platja D&#8217;Aro en lo que podr\u00eda ser (no confirmado) de nuevo la sede del Campeonato de Espa\u00f1a de Larga Distancia 2022.<\/p>\n<p><span class=\"td_btn td_btn_md td_round_btn\" style=\"color: #ffffff;\"><a style=\"color: #ffffff;\" href=\"https:\/\/www.1406inn.com\" rel=\"nofollow noopener\" target=\"_blank\">M\u00c1S INFORMACI\u00d3N E INSCRIPCIONES<\/a><\/span><\/p>\n","protected":false},"excerpt":{"rendered":"<p>El TRADEINN 140.6INN 2022 de nuevo con precio imbatible de menos de 150\u20ac, unos circuitos inigualables y un entorno ideal para la pr\u00e1ctica del triatl\u00f3n. son los ingredientes para el \u00e9xito del triatl\u00f3n de Larga Distancia de Girona el pr\u00f3ximo 8 de mayo. Territorio de grandes triatletas como Jan Frodeno o Vincent Luis, ciclistas como [&hellip;]<\/p>\n","protected":false},"author":2,"featured_media":74926,"comment_status":"closed","ping_status":"closed","sticky":false,"template":"","format":"standard","meta":{"_acf_changed":false,"rank_math_lock_modified_date":false,"footnotes":""},"categories":[17],"tags":[8276,8760],"class_list":{"0":"post-74925","1":"post","2":"type-post","3":"status-publish","4":"format-standard","5":"has-post-thumbnail","7":"category-actualidad","8":"tag-tradeinn-140-6inn","9":"tag-tradeinn-140-6inn-2022"},"acf":[],"_links":{"self":[{"href":"https:\/\/miurltemporal.com/main/triatletasenred.sport.es\/wp-json\/wp\/v2\/posts\/74925"}],"collection":[{"href":"https:\/\/miurltemporal.com/main/triatletasenred.sport.es\/wp-json\/wp\/v2\/posts"}],"about":[{"href":"https:\/\/miurltemporal.com/main/triatletasenred.sport.es\/wp-json\/wp\/v2\/types\/post"}],"author":[{"embeddable":true,"href":"https:\/\/miurltemporal.com/main/triatletasenred.sport.es\/wp-json\/wp\/v2\/users\/2"}],"replies":[{"embeddable":true,"href":"https:\/\/miurltemporal.com/main/triatletasenred.sport.es\/wp-json\/wp\/v2\/comments?post=74925"}],"version-history":[{"count":0,"href":"https:\/\/miurltemporal.com/main/triatletasenred.sport.es\/wp-json\/wp\/v2\/posts\/74925\/revisions"}],"wp:featuredmedia":[{"embeddable":true,"href":"https:\/\/miurltemporal.com/main/triatletasenred.sport.es\/wp-json\/wp\/v2\/media\/74926"}],"wp:attachment":[{"href":"https:\/\/miurltemporal.com/main/triatletasenred.sport.es\/wp-json\/wp\/v2\/media?parent=74925"}],"wp:term":[{"taxonomy":"category","embeddable":true,"href":"https:\/\/miurltemporal.com/main/triatletasenred.sport.es\/wp-json\/wp\/v2\/categories?post=74925"},{"taxonomy":"post_tag","embeddable":true,"href":"https:\/\/miurltemporal.com/main/triatletasenred.sport.es\/wp-json\/wp\/v2\/tags?post=74925"}],"curies":[{"name":"wp","href":"https:\/\/api.w.org\/{rel}","templated":true}]}}