{"id":74654,"date":"2021-07-06T06:59:17","date_gmt":"2021-07-06T04:59:17","guid":{"rendered":"https:\/\/miurltemporal.com/main/triatletasenred.sport.es\/?p=74654"},"modified":"2021-07-06T06:02:57","modified_gmt":"2021-07-06T04:02:57","slug":"calendario-media-distancia-espana-2021","status":"publish","type":"post","link":"https:\/\/miurltemporal.com/main/triatletasenred.sport.es\/actualidad\/calendario-media-distancia-espana-2021\/","title":{"rendered":"Calendario 2021 de triatl\u00f3n de Media Distancia"},"content":{"rendered":"<h2 style=\"text-align: justify;\">Compartimos el calendario de triatl\u00f3n de las pruebas de Media Distancia en Espa\u00f1a que quedan para 2021<\/h2>\n<p style=\"text-align: justify;\"><img fetchpriority=\"high\" decoding=\"async\" class=\"aligncenter size-full wp-image-74162\" src=\"https:\/\/miurltemporal.com/main/triatletasenred.sport.es\/wp-content\/uploads\/inverse_750.jpg\" alt=\"\" width=\"700\" height=\"150\" srcset=\"https:\/\/miurltemporal.com/main/triatletasenred.sport.es\/wp-content\/uploads\/inverse_750.jpg 700w, https:\/\/miurltemporal.com/main/triatletasenred.sport.es\/wp-content\/uploads\/inverse_750-300x64.jpg 300w, https:\/\/miurltemporal.com/main/triatletasenred.sport.es\/wp-content\/uploads\/inverse_750-696x150.jpg 696w\" sizes=\"(max-width: 700px) 100vw, 700px\" \/><strong><em>Recuerda que se trata de un art\u00edculo colaborativo, as\u00ed que si crees que falta alguna prueba por a\u00f1adir o si tienes informaci\u00f3n importante sobre algunas de las presentes, \u00a1no dudes en dejarnos un comentario!<\/em><\/strong><\/p>\n<h3 style=\"text-align: center;\"><strong>Agosto<\/strong><\/h3>\n<hr \/>\n<ul>\n<li>8 de agosto. <a href=\"http:\/\/www.desafiocastillayleon.com\" rel=\"nofollow noopener\" target=\"_blank\">Triatl\u00f3n Desaf\u00edo Castilla y Le\u00f3n<\/a>. Medina de R\u00edo Seco<\/li>\n<li>22 de agosto. <a href=\"https:\/\/www.triatlonandalucia.org\/competiciones\/ix-desaf%C3%ADo-calima-posadas\" rel=\"nofollow noopener\" target=\"_blank\">IX Desaf\u00edo Calimas<\/a>. Posadas<\/li>\n<\/ul>\n<h3 style=\"text-align: center;\"><strong>Septiembre<\/strong><\/h3>\n<hr \/>\n<ul>\n<li>5 de septiembre. <a href=\"https:\/\/halfmadrid.com\" rel=\"nofollow noopener\" target=\"_blank\">Half Triatl\u00f3n Madrid<\/a>. Madrid<\/li>\n<li>18 de septiembre. <a href=\"https:\/\/triatlon.org\/evento\/?alias=2021-cto-de-esp-triatlon-media-distancia-bilbao\" rel=\"nofollow noopener\" target=\"_blank\">Campeonato de Espa\u00f1a de Triatl\u00f3n de Media y Larga Distancia<\/a>. Bilbao<\/li>\n<li>19 de septiembre. <a href=\"https:\/\/artiemhalfmenorca.com\/?page_id=45&amp;lang=es\" rel=\"nofollow noopener\" target=\"_blank\">Artiem HALF Menorca<\/a>. Menorca.<\/li>\n<li>19 de septiembre. <a href=\"https:\/\/www.triatlocv.org\/ca\/evento\/?RlRDVk5FdmVudG89MjEwMTBGVENW\" rel=\"nofollow noopener\" target=\"_blank\">VIII 113MD Triatl\u00f3 Oliva<\/a>. Oliva<\/li>\n<li>19 de septiembre. <a href=\"https:\/\/www.triatlocv.org\/ca\/evento\/?RlRDVk5FdmVudG89MjEwMjFGVENW\" rel=\"nofollow noopener\" target=\"_blank\">Infinitri Half Almassora<\/a>. Almassora<\/li>\n<li>19 de septiembre.<a href=\"https:\/\/www.desafioislascies.com\/triatlon-md-desafioislascies\/\" rel=\"nofollow noopener\" target=\"_blank\"> Triatl\u00f3n Desaf\u00edo Islas C\u00edes<\/a>. Vigo-Nigr\u00e1n<\/li>\n<li>25 de septiembre. <a href=\"https:\/\/www.mallorca140-6triathlon.com\/\" rel=\"nofollow noopener\" target=\"_blank\">140.6 &amp; HALF Mallorca<\/a>. Mallorca<\/li>\n<li>25 de septiembre. <a href=\"https:\/\/www.triatlonandalucia.org\/competiciones\/xii-andaluc%C3%ADa-desaf%C3%ADo-do\u00f1ana\" rel=\"nofollow noopener\" target=\"_blank\">IX Andaluc\u00eda Desaf\u00edo Do\u00f1ana<\/a>. Do\u00f1ana<\/li>\n<\/ul>\n<h3 style=\"text-align: center;\"><strong>Octubre<\/strong><\/h3>\n<hr \/>\n<ul>\n<li>3 de octubre. <a href=\"https:\/\/triatlon.org\/evento\/?alias=2021-ironman-703_barcelona\" rel=\"nofollow noopener\" target=\"_blank\">IRONMAN 70.3 Barcelona<\/a>. Barcelona<\/li>\n<li>3 de octubre. <a href=\"https:\/\/www.100x100half.com\" rel=\"nofollow noopener\" target=\"_blank\">100&#215;100 HALF Platja d&#8217;Aro<\/a>. Platja d&#8217;Aro.<\/li>\n<li>3 de octubre. <a href=\"https:\/\/triatloncabodegatanijar.com\" rel=\"nofollow noopener\" target=\"_blank\">Triatl\u00f3n Cabo de Gata-N\u00edjar.<\/a> N\u00edjar<\/li>\n<li>10 de octubre. XVIII Triatl\u00f3n Torre del Mar-Costa del Sol. <em><strong>Sin confirmar<\/strong><\/em><\/li>\n<li>16 de octubre. <a href=\"https:\/\/www.triatlocv.org\/ca\/evento\/?RlRDVk5FdmVudG89MjEwMjVGVENW\" rel=\"nofollow noopener\" target=\"_blank\">Half ICAN Triathlon Gandia-Val\u00e8ncia<\/a>. Gandia<\/li>\n<li>16 de octubre.<a href=\"https:\/\/challenge-mallorca.com\/?lang=es\" rel=\"nofollow noopener\" target=\"_blank\"> Challenge Peguera-Mallorca<\/a>. Mallorca<\/li>\n<li>16 de octubre. Triatl\u00f3n Doble Tree by Hilton Islantilla Beach Golf Resort. <strong><em>Sin confirmar<\/em><\/strong><\/li>\n<li>22-23 de octubre. <a href=\"https:\/\/www.oceanlava.com\/es\" rel=\"nofollow noopener\" target=\"_blank\">Ocean Lava Lanzarote.<\/a> Puerto del Carmen<\/li>\n<li>24 de octubre. <a href=\"https:\/\/triatlon.org\/evento\/?alias=2021-copa-espa-triatlon-md-y-ld-half-tri-ibiza\" rel=\"nofollow noopener\" target=\"_blank\">Copa de Espa\u00f1a de Triatl\u00f3n de MD y LD. Half Triatl\u00f3n de Ibiza<\/a>. Ibiza<\/li>\n<li>30 de octubre. <a href=\"https:\/\/triatlon.org\/evento\/?alias=2021copa-de-esp-triatlon-md-y-ld-sevilla\" rel=\"nofollow noopener\" target=\"_blank\">Copa de Espa\u00f1a de Triatl\u00f3n de MD y LD. Half Triatl\u00f3n de Sevilla.<\/a> Sevilla<\/li>\n<\/ul>\n<p><em><strong>*Sin confirmar. Siguen en el calendario de la federaci\u00f3n andaluza<\/strong><\/em><\/p>\n","protected":false},"excerpt":{"rendered":"<p>Compartimos el calendario de triatl\u00f3n de las pruebas de Media Distancia en Espa\u00f1a para 2021 \u00a1Algunas a\u00fan con fecha por decidir<\/p>\n","protected":false},"author":294,"featured_media":70330,"comment_status":"closed","ping_status":"closed","sticky":false,"template":"","format":"standard","meta":{"_acf_changed":false,"rank_math_lock_modified_date":false,"footnotes":""},"categories":[17,19,2033,1191],"tags":[8726,5124,24],"class_list":{"0":"post-74654","1":"post","2":"type-post","3":"status-publish","4":"format-standard","5":"has-post-thumbnail","7":"category-actualidad","8":"category-competiciones","9":"category-sport","10":"category-triatlon","12":"tag-pruebas-de-media-distancia-en-espana","13":"tag-triatlon"},"acf":[],"_links":{"self":[{"href":"https:\/\/miurltemporal.com/main/triatletasenred.sport.es\/wp-json\/wp\/v2\/posts\/74654"}],"collection":[{"href":"https:\/\/miurltemporal.com/main/triatletasenred.sport.es\/wp-json\/wp\/v2\/posts"}],"about":[{"href":"https:\/\/miurltemporal.com/main/triatletasenred.sport.es\/wp-json\/wp\/v2\/types\/post"}],"author":[{"embeddable":true,"href":"https:\/\/miurltemporal.com/main/triatletasenred.sport.es\/wp-json\/wp\/v2\/users\/294"}],"replies":[{"embeddable":true,"href":"https:\/\/miurltemporal.com/main/triatletasenred.sport.es\/wp-json\/wp\/v2\/comments?post=74654"}],"version-history":[{"count":0,"href":"https:\/\/miurltemporal.com/main/triatletasenred.sport.es\/wp-json\/wp\/v2\/posts\/74654\/revisions"}],"wp:featuredmedia":[{"embeddable":true,"href":"https:\/\/miurltemporal.com/main/triatletasenred.sport.es\/wp-json\/wp\/v2\/media\/70330"}],"wp:attachment":[{"href":"https:\/\/miurltemporal.com/main/triatletasenred.sport.es\/wp-json\/wp\/v2\/media?parent=74654"}],"wp:term":[{"taxonomy":"category","embeddable":true,"href":"https:\/\/miurltemporal.com/main/triatletasenred.sport.es\/wp-json\/wp\/v2\/categories?post=74654"},{"taxonomy":"post_tag","embeddable":true,"href":"https:\/\/miurltemporal.com/main/triatletasenred.sport.es\/wp-json\/wp\/v2\/tags?post=74654"}],"curies":[{"name":"wp","href":"https:\/\/api.w.org\/{rel}","templated":true}]}}